{"id":116925,"date":"2022-12-21T14:01:53","date_gmt":"2022-12-21T19:01:53","guid":{"rendered":"https:\/\/elinformanteperu.com\/?p=116925"},"modified":"2022-12-21T14:01:53","modified_gmt":"2022-12-21T19:01:53","slug":"argentina-es-un-delirio-millones-celebran-copa-de-messi-y-la-scaloneta","status":"publish","type":"post","link":"https:\/\/elinformanteperu.com\/index.php\/2022\/12\/21\/argentina-es-un-delirio-millones-celebran-copa-de-messi-y-la-scaloneta\/","title":{"rendered":"Argentina es un delirio: millones celebran Copa de Messi y la Scaloneta"},"content":{"rendered":"<p><span style=\"color: #000000;\"><strong>Buenos Aires, 21 Diciembre 2022 (ANDINA).-<\/strong> En un ambiente de euforia masiva, millones de personas acompa\u00f1an a lo largo de las autopistas y calles de Buenos Aires el recorrido de Lionel Messi y su selecci\u00f3n, en la caravana para celebrar la Copa, la tercera de Argentina.<\/span><\/p>\n<p><span style=\"color: #000000;\">En un autob\u00fas descapotable que avanza a paso de hombre, tratando de abrirse paso entre la multitud, los jugadores muestran exultantes la Copa conquistada ante Francia.<\/span><\/p>\n<p><span style=\"color: #000000;\">El recorrido que comenz\u00f3 poco antes del mediod\u00eda local ser\u00e1 de unos 70 kms y se calcula que pueda tomar m\u00e1s de ocho horas.<\/span><\/p>\n<p><span style=\"color: #000000;\">\u00abYo ya con verlos pasar es mucho. Si Messi nos mira a los ojos, a la c\u00e1mara, ya est\u00e1\u00bb, dijo a la AFP en el Obelisco Valent\u00edn Pino, de 19 a\u00f1os. \u00abDespu\u00e9s de tanto sufrimiento, ya se consagraron!\u00bb, celebr\u00f3 con una sonrisa.<\/span><\/p>\n<p><span style=\"color: #000000;\">En el centro porte\u00f1o hay un ir y venir de simpatizantes con banderas argentinas por doquier. Bocinazos, cornetas, y el corear espont\u00e1neo de \u00abMuchachos&#8230;\u00bb el hit mundialista se escucha en cada esquina.<\/span><\/p>\n<p><span style=\"color: #000000;\">El gobierno decret\u00f3 feriado nacional para facilitar la participaci\u00f3n en la fiesta multitudinaria.<\/span><\/p>\n<p><span style=\"color: #000000;\">\u00abVoy al Obelisco porque gan\u00f3 Argentina. Hac\u00eda 36 a\u00f1os que no ganaba. Yo ten\u00eda 6 a\u00f1os cuando gan\u00f3 en 1986. No puedo explicar con palabras sino con emoci\u00f3n\u00bb, dijo a la AFP Paola Zattera, una empleada administrativa de 43 a\u00f1os.<\/span><\/p>\n<p><strong><span style=\"color: #000000;\">\u00abBuen d\u00eda\u00bb<\/span><\/strong><\/p>\n<p><span style=\"color: #000000;\">\u00abBuen d\u00eda\u00bb, escribi\u00f3 el capit\u00e1n Messi en una publicaci\u00f3n en sus redes sociales desde la cama del complejo de la AFA durmiendo abrazado a la Copa como un ni\u00f1o con su juguete m\u00e1s preciado.<\/span><\/p>\n<p><span style=\"color: #000000;\">Con la Copa en la mano y una enorme sonrisa, el capit\u00e1n hab\u00eda descendido de las escalerillas del avi\u00f3n a las 02H40 (05H40 GMT) y salud\u00f3 a la multitud entusiasta que estuvo esperando en vigilia a su selecci\u00f3n.<\/span><\/p>\n<p><span style=\"color: #000000;\">Su llegada al aeropuerto de Ezeiza fue celebrada por el grupo \u00abLa Mosca Tse tse\u00bb, que en la misma pista de aterrizaje enton\u00f3 \u00abMuchachos\u00bb, la canci\u00f3n convertida en el himno de este torneo.<\/span><\/p>\n<p><span style=\"color: #000000;\">Las autoridades dispusieron un operativo de seguridad con desv\u00edos de tr\u00e1nsito y postas policiales para prevenir desmanes a lo largo del recorrido.<\/span><\/p>\n<p><span style=\"color: #000000;\">Entre bombos, banderas y camisetas con la estampa del \u00ab10\u00bb de Messi, familias enteras pasaron la noche tratando de hacerse un lugar para ver, aunque sea fugazmente, el paso de sus \u00eddolos.<\/span><\/p>\n<p><span style=\"color: #000000;\">En el centro de Buenos Aires hay muchos que han venido de otras ciudades, tan lejos como Bariloche (en la Patagonia, sur), o de Rosario, la ciudad de Messi y \u00c1ngel Di Mar\u00eda, y de las ciudades de la periferia de Buenos Aires.<\/span><\/p>\n<p><span style=\"color: #000000;\">\u00abEl pueblo argentino es muy futbolero, y se nos ven\u00eda negando los mundiales. Esta nueva camada vino con mucha fuerza. Es muy festejado por las nuevas generaciones. Yo tuve la suerte de ver a (Diego) Maradona jugar, era yo muy chiquito cuando gan\u00f3 el t\u00edtulo de 1986. Esto es much\u00edsimo premio para el pueblo argentino, lo merec\u00eda. Esta selecci\u00f3n est\u00e1 muy unida al pueblo argentino\u00bb, dijo a la AFP Luciano Peralta, un comerciante de 41 a\u00f1os de Rosario.<\/span><\/p>\n","protected":false},"excerpt":{"rendered":"<p>Buenos Aires, 21 Diciembre 2022 (ANDINA).- En un ambiente de euforia masiva, millones de personas acompa\u00f1an a lo largo de las autopistas y calles de Buenos Aires el recorrido de Lionel Messi y su selecci\u00f3n, en la caravana para celebrar la Copa, la tercera de Argentina. En un autob\u00fas descapotable que avanza a paso de [&hellip;]<\/p>\n","protected":false},"author":1,"featured_media":116926,"comment_status":"closed","ping_status":"closed","sticky":false,"template":"","format":"standard","meta":{"rop_custom_images_group":[],"rop_custom_messages_group":[],"rop_publish_now":"initial","rop_publish_now_accounts":[],"rop_publish_now_history":[],"rop_publish_now_status":"pending","footnotes":""},"categories":[8],"tags":[172,7101,4277,4825],"class_list":["post-116925","post","type-post","status-publish","format-standard","has-post-thumbnail","hentry","category-disciplinas-deportivas","tag-argentina","tag-catar-2022","tag-mundial-catar-2022","tag-qatar-2022"],"_links":{"self":[{"href":"https:\/\/elinformanteperu.com\/index.php\/wp-json\/wp\/v2\/posts\/116925","targetHints":{"allow":["GET"]}}],"collection":[{"href":"https:\/\/elinformanteperu.com\/index.php\/wp-json\/wp\/v2\/posts"}],"about":[{"href":"https:\/\/elinformanteperu.com\/index.php\/wp-json\/wp\/v2\/types\/post"}],"author":[{"embeddable":true,"href":"https:\/\/elinformanteperu.com\/index.php\/wp-json\/wp\/v2\/users\/1"}],"replies":[{"embeddable":true,"href":"https:\/\/elinformanteperu.com\/index.php\/wp-json\/wp\/v2\/comments?post=116925"}],"version-history":[{"count":1,"href":"https:\/\/elinformanteperu.com\/index.php\/wp-json\/wp\/v2\/posts\/116925\/revisions"}],"predecessor-version":[{"id":116927,"href":"https:\/\/elinformanteperu.com\/index.php\/wp-json\/wp\/v2\/posts\/116925\/revisions\/116927"}],"wp:featuredmedia":[{"embeddable":true,"href":"https:\/\/elinformanteperu.com\/index.php\/wp-json\/wp\/v2\/media\/116926"}],"wp:attachment":[{"href":"https:\/\/elinformanteperu.com\/index.php\/wp-json\/wp\/v2\/media?parent=116925"}],"wp:term":[{"taxonomy":"category","embeddable":true,"href":"https:\/\/elinformanteperu.com\/index.php\/wp-json\/wp\/v2\/categories?post=116925"},{"taxonomy":"post_tag","embeddable":true,"href":"https:\/\/elinformanteperu.com\/index.php\/wp-json\/wp\/v2\/tags?post=116925"}],"curies":[{"name":"wp","href":"https:\/\/api.w.org\/{rel}","templated":true}]}}