{"id":116551,"date":"2022-09-04T09:50:56","date_gmt":"2022-09-04T14:50:56","guid":{"rendered":"https:\/\/elinformanteperu.com\/?p=116551"},"modified":"2022-09-04T09:50:56","modified_gmt":"2022-09-04T14:50:56","slug":"karol-sevilla-interpreto-cancion-insignia-de-la-campana-de-disney-princesa","status":"publish","type":"post","link":"https:\/\/elinformanteperu.com\/index.php\/2022\/09\/04\/karol-sevilla-interpreto-cancion-insignia-de-la-campana-de-disney-princesa\/","title":{"rendered":"Karol Sevilla interpret\u00f3 canci\u00f3n insignia de la campa\u00f1a de Disney Princesa"},"content":{"rendered":"<p><strong><span style=\"color: #000000;\">Lima, 04 de Setiembre 2022, (El Informante Per\u00fa).- <\/span><\/strong><br \/>\n<span style=\"color: #000000;\">Como parte de las celebraciones por la Semana Mundial de la Princesa, el pasado s\u00e1bado 27 de agosto la actriz y cantante mexicana Karol Sevilla estuvo presente en Walt Disney World Resort en Florida. En una presentaci\u00f3n musical especial en el Parque Magic Kingdom, Sevilla interpret\u00f3 \u201cDesde hoy\u201d, la canci\u00f3n insignia de la campa\u00f1a de Disney Princesa.<\/span><\/p>\n<p><span style=\"color: #000000;\">\u201cCompartir ese momento tan especial fue muy emocionante. Sent\u00ed un orgullo enorme de poder interpretar esta canci\u00f3n inspiradora, que lleva un mensaje de bondad y valent\u00eda a todas las personas de Latinoam\u00e9rica. \u2018Desde hoy\u2019 refleja la importancia de celebrar aquello que nos hace \u00fanicos, y poder expresar eso de forma directa, fue simplemente m\u00e1gico\u201d, coment\u00f3 Sevilla tras su presentaci\u00f3n en Lake Buena Vista, Florida.<\/span><\/p>\n<p><span style=\"color: #000000;\">La campa\u00f1a global invita a las audiencias de Latinoam\u00e9rica a conectar con las historias de las Princesas de Disney, celebrando valores como la bondad y la valent\u00eda, as\u00ed como la actitud y la resiliencia que las caracteriza. \u201cDesde hoy\u201d, la canci\u00f3n que expresa los mensajes centrales de la iniciativa, es la versi\u00f3n para Hispanoam\u00e9rica de \u201cStarting Now\u201d, el tema oficial de la campa\u00f1a interpretado en ingl\u00e9s por la artista estadounidense Brandy. \u201cComen\u00e7ou\u201d, en tanto, es la versi\u00f3n de la canci\u00f3n en portugu\u00e9s para Brasil, interpretada por la cantante Agnes.<\/span><\/p>\n<p><iframe title=\"YouTube video player\" src=\"https:\/\/www.youtube-nocookie.com\/embed\/vfZqOhRWZIs?controls=0\" width=\"520\" height=\"315\" frameborder=\"0\" allowfullscreen=\"allowfullscreen\"><\/iframe><\/p>\n","protected":false},"excerpt":{"rendered":"<p>Lima, 04 de Setiembre 2022, (El Informante Per\u00fa).- Como parte de las celebraciones por la Semana Mundial de la Princesa, el pasado s\u00e1bado 27 de agosto la actriz y cantante mexicana Karol Sevilla estuvo presente en Walt Disney World Resort en Florida. En una presentaci\u00f3n musical especial en el Parque Magic Kingdom, Sevilla interpret\u00f3 \u201cDesde [&hellip;]<\/p>\n","protected":false},"author":1,"featured_media":116552,"comment_status":"closed","ping_status":"closed","sticky":false,"template":"","format":"standard","meta":{"rop_custom_images_group":[],"rop_custom_messages_group":[],"rop_publish_now":"initial","rop_publish_now_accounts":[],"rop_publish_now_history":[],"rop_publish_now_status":"pending","footnotes":""},"categories":[70],"tags":[543,6053,721],"class_list":["post-116551","post","type-post","status-publish","format-standard","has-post-thumbnail","hentry","category-farandula","tag-disney","tag-disney-plus","tag-karol-sevilla"],"_links":{"self":[{"href":"https:\/\/elinformanteperu.com\/index.php\/wp-json\/wp\/v2\/posts\/116551","targetHints":{"allow":["GET"]}}],"collection":[{"href":"https:\/\/elinformanteperu.com\/index.php\/wp-json\/wp\/v2\/posts"}],"about":[{"href":"https:\/\/elinformanteperu.com\/index.php\/wp-json\/wp\/v2\/types\/post"}],"author":[{"embeddable":true,"href":"https:\/\/elinformanteperu.com\/index.php\/wp-json\/wp\/v2\/users\/1"}],"replies":[{"embeddable":true,"href":"https:\/\/elinformanteperu.com\/index.php\/wp-json\/wp\/v2\/comments?post=116551"}],"version-history":[{"count":1,"href":"https:\/\/elinformanteperu.com\/index.php\/wp-json\/wp\/v2\/posts\/116551\/revisions"}],"predecessor-version":[{"id":116553,"href":"https:\/\/elinformanteperu.com\/index.php\/wp-json\/wp\/v2\/posts\/116551\/revisions\/116553"}],"wp:featuredmedia":[{"embeddable":true,"href":"https:\/\/elinformanteperu.com\/index.php\/wp-json\/wp\/v2\/media\/116552"}],"wp:attachment":[{"href":"https:\/\/elinformanteperu.com\/index.php\/wp-json\/wp\/v2\/media?parent=116551"}],"wp:term":[{"taxonomy":"category","embeddable":true,"href":"https:\/\/elinformanteperu.com\/index.php\/wp-json\/wp\/v2\/categories?post=116551"},{"taxonomy":"post_tag","embeddable":true,"href":"https:\/\/elinformanteperu.com\/index.php\/wp-json\/wp\/v2\/tags?post=116551"}],"curies":[{"name":"wp","href":"https:\/\/api.w.org\/{rel}","templated":true}]}}