{"id":116537,"date":"2022-09-04T08:30:34","date_gmt":"2022-09-04T13:30:34","guid":{"rendered":"https:\/\/elinformanteperu.com\/?p=116537"},"modified":"2022-09-04T08:34:12","modified_gmt":"2022-09-04T13:34:12","slug":"barbaro-de-los-creadores-de-it-llega-a-la-cartelera-peruana","status":"publish","type":"post","link":"https:\/\/elinformanteperu.com\/index.php\/2022\/09\/04\/barbaro-de-los-creadores-de-it-llega-a-la-cartelera-peruana\/","title":{"rendered":"\u201cB\u00e1rbaro\u201d, de los creadores de \u201cIt\u201d, llega a la cartelera peruana"},"content":{"rendered":"<p><strong><span style=\"color: #000000;\">La pel\u00edcula protagonizada por Georgina Campbel, Bill Skarsg\u00e5rd y Justin Long se estrenar\u00e1 el 8 de septiembre<\/span><\/strong><\/p>\n<p><span style=\"color: #000000;\"><strong>Lima, 04 de Setiembre, (ANDINA).-<\/strong> \u201cAlgunos se quedan por una noche, otros nunca se van\u201d. Es la premisa del thriller de terror y suspenso: \u201cB\u00e1rbaro\u201d, producido por 20th Century Studios y New Regency que presentaron el tr\u00e1iler y el p\u00f3ster oficial. La pel\u00edcula, dirigida y escrita por Zach Cregger, cuenta en su equipo con los creadores de \u201cIt\u201d (2017), \u201cLa Maldici\u00f3n\u201d (2004) y \u201cEl Aro\u201d (2002).<\/span><\/p>\n<p><a href=\"https:\/\/elinformanteperu.com\/wp-content\/uploads\/2022\/09\/barbaro-pelicula1.jpg\"><img fetchpriority=\"high\" decoding=\"async\" class=\"aligncenter size-full wp-image-116541\" src=\"https:\/\/elinformanteperu.com\/wp-content\/uploads\/2022\/09\/barbaro-pelicula1.jpg\" alt=\"\" width=\"850\" height=\"450\" srcset=\"https:\/\/elinformanteperu.com\/wp-content\/uploads\/2022\/09\/barbaro-pelicula1.jpg 850w, https:\/\/elinformanteperu.com\/wp-content\/uploads\/2022\/09\/barbaro-pelicula1-300x159.jpg 300w, https:\/\/elinformanteperu.com\/wp-content\/uploads\/2022\/09\/barbaro-pelicula1-768x407.jpg 768w\" sizes=\"(max-width: 850px) 100vw, 850px\" \/><\/a><span style=\"color: #000000;\">Protagonizada por Georgina Campbel, actriz inglesa que alcanz\u00f3 la fama con la serie \u201cBlack Mirror\u201d, y Bill Skarsg\u00e5rd, conocido por interpretar el payaso en la pel\u00edcula de terror \u201cIt\u201d, y Juston Long.<\/span><\/p>\n<p><span style=\"color: #000000;\">\u201cB\u00e1rbaro\u201d cuenta la historia de una joven (Campbel) que viaja a Detroit para una entrevista de trabajo reserva un alojamiento en la ciudad. Pero cuando llega tarde en la noche, descubre que la casa fue reservada a dos personas simult\u00e1neamente y que hay un extra\u00f1o aloj\u00e1ndose all\u00ed.<\/span><\/p>\n<p><a href=\"https:\/\/elinformanteperu.com\/wp-content\/uploads\/2022\/09\/barbaro-pelicula2.jpg\"><img decoding=\"async\" class=\"aligncenter size-full wp-image-116542\" src=\"https:\/\/elinformanteperu.com\/wp-content\/uploads\/2022\/09\/barbaro-pelicula2.jpg\" alt=\"\" width=\"842\" height=\"448\" srcset=\"https:\/\/elinformanteperu.com\/wp-content\/uploads\/2022\/09\/barbaro-pelicula2.jpg 842w, https:\/\/elinformanteperu.com\/wp-content\/uploads\/2022\/09\/barbaro-pelicula2-300x160.jpg 300w, https:\/\/elinformanteperu.com\/wp-content\/uploads\/2022\/09\/barbaro-pelicula2-768x409.jpg 768w\" sizes=\"(max-width: 842px) 100vw, 842px\" \/><\/a><span style=\"color: #000000;\">En contra de lo que le aconseja su propio sentido com\u00fan, decide pasar la noche, y pronto descubre que hay mucho m\u00e1s que temer que la presencia de un hu\u00e9sped inesperado.<\/span><\/p>\n<p><span style=\"color: #000000;\">En el elenco tambi\u00e9n participan Matthew Patrick Davis, Richard Brake, Kurt Braunohler y Jaymes Butler. La producci\u00f3n estuvo a cargo de Arnon Milchan, Roy Lee, Raphael Margules y J.D. Lifshitz<\/span>.<\/p>\n<p><iframe title=\"YouTube video player\" src=\"https:\/\/www.youtube-nocookie.com\/embed\/lU1nRW18OAs?controls=0\" width=\"520\" height=\"315\" frameborder=\"0\" allowfullscreen=\"allowfullscreen\"><span data-mce-type=\"bookmark\" style=\"display: inline-block; width: 0px; overflow: hidden; line-height: 0;\" class=\"mce_SELRES_start\">\ufeff<\/span><\/iframe><\/p>\n","protected":false},"excerpt":{"rendered":"<p>La pel\u00edcula protagonizada por Georgina Campbel, Bill Skarsg\u00e5rd y Justin Long se estrenar\u00e1 el 8 de septiembre Lima, 04 de Setiembre, (ANDINA).- \u201cAlgunos se quedan por una noche, otros nunca se van\u201d. Es la premisa del thriller de terror y suspenso: \u201cB\u00e1rbaro\u201d, producido por 20th Century Studios y New Regency que presentaron el tr\u00e1iler y [&hellip;]<\/p>\n","protected":false},"author":1,"featured_media":116538,"comment_status":"closed","ping_status":"closed","sticky":false,"template":"","format":"standard","meta":{"rop_custom_images_group":[],"rop_custom_messages_group":[],"rop_publish_now":"initial","rop_publish_now_accounts":[],"rop_publish_now_history":[],"rop_publish_now_status":"pending","footnotes":""},"categories":[7],"tags":[6833],"class_list":["post-116537","post","type-post","status-publish","format-standard","has-post-thumbnail","hentry","category-butaca","tag-20th-century-studios"],"_links":{"self":[{"href":"https:\/\/elinformanteperu.com\/index.php\/wp-json\/wp\/v2\/posts\/116537","targetHints":{"allow":["GET"]}}],"collection":[{"href":"https:\/\/elinformanteperu.com\/index.php\/wp-json\/wp\/v2\/posts"}],"about":[{"href":"https:\/\/elinformanteperu.com\/index.php\/wp-json\/wp\/v2\/types\/post"}],"author":[{"embeddable":true,"href":"https:\/\/elinformanteperu.com\/index.php\/wp-json\/wp\/v2\/users\/1"}],"replies":[{"embeddable":true,"href":"https:\/\/elinformanteperu.com\/index.php\/wp-json\/wp\/v2\/comments?post=116537"}],"version-history":[{"count":3,"href":"https:\/\/elinformanteperu.com\/index.php\/wp-json\/wp\/v2\/posts\/116537\/revisions"}],"predecessor-version":[{"id":116543,"href":"https:\/\/elinformanteperu.com\/index.php\/wp-json\/wp\/v2\/posts\/116537\/revisions\/116543"}],"wp:featuredmedia":[{"embeddable":true,"href":"https:\/\/elinformanteperu.com\/index.php\/wp-json\/wp\/v2\/media\/116538"}],"wp:attachment":[{"href":"https:\/\/elinformanteperu.com\/index.php\/wp-json\/wp\/v2\/media?parent=116537"}],"wp:term":[{"taxonomy":"category","embeddable":true,"href":"https:\/\/elinformanteperu.com\/index.php\/wp-json\/wp\/v2\/categories?post=116537"},{"taxonomy":"post_tag","embeddable":true,"href":"https:\/\/elinformanteperu.com\/index.php\/wp-json\/wp\/v2\/tags?post=116537"}],"curies":[{"name":"wp","href":"https:\/\/api.w.org\/{rel}","templated":true}]}}