{"id":116533,"date":"2022-09-04T08:26:17","date_gmt":"2022-09-04T13:26:17","guid":{"rendered":"https:\/\/elinformanteperu.com\/?p=116533"},"modified":"2022-09-04T08:26:17","modified_gmt":"2022-09-04T13:26:17","slug":"eiza-gonzales-se-incorpora-al-elenco-de-la-maquina-nueva-serie-de-star","status":"publish","type":"post","link":"https:\/\/elinformanteperu.com\/index.php\/2022\/09\/04\/eiza-gonzales-se-incorpora-al-elenco-de-la-maquina-nueva-serie-de-star\/","title":{"rendered":"Eiza Gonz\u00e1les se incorpora al elenco de \u00abLa m\u00e1quina\u00bb nueva serie de Star+"},"content":{"rendered":"<p><strong><span style=\"color: #000000;\">\u00abLa m\u00e1quina\u00bb es una serie que sigue la historia de un boxeador en el ocaso de su carrera<\/span><\/strong><\/p>\n<p><span style=\"color: #000000;\"><strong>Lima, 04 de Setiembre 2022, (El Informante Per\u00fa).-<\/strong> Star+ anunci\u00f3 que Eiza Gonz\u00e1lez interpretar\u00e1 el papel de Irasema, junto a Diego Luna y Gael Garc\u00eda Bernal, en la miniserie \u201cLa M\u00e1quina\u201d de Star+ .<\/span><\/p>\n<p><span style=\"color: #000000;\">\u201cLa M\u00e1quina\u201d es una serie que gira en torno a un boxeador en el ocaso de su carrera (Gael Garc\u00eda Bernal), cuyo h\u00e1bil manager (Diego Luna) le consigue una \u00faltima oportunidad para pelear por un t\u00edtulo. Sin embargo, para llegar a la noche de la pelea, deber\u00e1n enfrentarse a una misteriosa fuerza del bajo mundo.<\/span><\/p>\n<p><span style=\"color: #000000;\">El personaje de Gonz\u00e1lez, Irasema, es una aspirante a periodista deportiva que encuadra el boxeo m\u00e1s bien como una forma de arte. Es la exesposa de Esteban (Gael Garc\u00eda Bernal), a quien le sigue teniendo un profundo cari\u00f1o, y la madre de sus dos hijos. Conoce a Esteban y a Andy (Diego Luna) desde que eran adolescentes.<\/span><\/p>\n<p><span style=\"color: #000000;\">La actriz recientemente termin\u00f3 de filmar The Three-Body Problem, para Netflix, y la serie antol\u00f3gica de Apple TV+ Extrapolations, con Meryl Streep, Forest Whitaker, y Marion Cotillard. Tambi\u00e9n protagoniz\u00f3 Ambulance, para Universal, junto a Jake Gyllenhaal y Yahya Abdul-Mateen.<\/span><\/p>\n<p><span style=\"color: #000000;\">En 2021, protagoniz\u00f3 junto a Rosamund Pike Descuida, yo te cuido, para Netflix, y actu\u00f3 en Godzilla vs. Kong, junto a Alexander Skarsg\u00e5rd, Kyle Chandler y Millie Bobby Brown. Es muy conocida por el papel que la lanz\u00f3 a la fama en Baby: El aprendiz del crimen, de Edgar Wright, junto a Ansel Elgort, Jamie Foxx y Jon Hamm, por el que fue aclamada por la cr\u00edtica.<\/span><\/p>\n<p><span style=\"color: #000000;\">Protagoniz\u00f3 series televisivas tales como Lola: \u00c9rase una vez, y Sue\u00f1a conmigo, de Nickelodeon. Grab\u00f3 cinco \u00e1lbumes para las dos series, todos los cuales obtuvieron certificaciones de platino, y dos \u00e1lbumes adicionales como solista.<\/span><\/p>\n<p><span style=\"color: #000000;\">\u201cLa M\u00e1quina\u201d es una producci\u00f3n de Searchlight Television y la productora de Gael Garc\u00eda Bernal y Diego Luna. Gabriel Ripstein ser\u00e1 el director de la serie.<\/span><\/p>\n<p><a href=\"https:\/\/elinformanteperu.com\/wp-content\/uploads\/2022\/09\/eiza-gonzales1.webp\"><img fetchpriority=\"high\" decoding=\"async\" class=\"aligncenter size-full wp-image-116535\" src=\"https:\/\/elinformanteperu.com\/wp-content\/uploads\/2022\/09\/eiza-gonzales1.webp\" alt=\"\" width=\"768\" height=\"512\" srcset=\"https:\/\/elinformanteperu.com\/wp-content\/uploads\/2022\/09\/eiza-gonzales1.webp 768w, https:\/\/elinformanteperu.com\/wp-content\/uploads\/2022\/09\/eiza-gonzales1-300x200.webp 300w\" sizes=\"(max-width: 768px) 100vw, 768px\" \/><\/a><\/p>\n","protected":false},"excerpt":{"rendered":"<p>\u00abLa m\u00e1quina\u00bb es una serie que sigue la historia de un boxeador en el ocaso de su carrera Lima, 04 de Setiembre 2022, (El Informante Per\u00fa).- Star+ anunci\u00f3 que Eiza Gonz\u00e1lez interpretar\u00e1 el papel de Irasema, junto a Diego Luna y Gael Garc\u00eda Bernal, en la miniserie \u201cLa M\u00e1quina\u201d de Star+ . \u201cLa M\u00e1quina\u201d es [&hellip;]<\/p>\n","protected":false},"author":1,"featured_media":116534,"comment_status":"closed","ping_status":"closed","sticky":false,"template":"","format":"standard","meta":{"rop_custom_images_group":[],"rop_custom_messages_group":[],"rop_publish_now":"initial","rop_publish_now_accounts":[],"rop_publish_now_history":[],"rop_publish_now_status":"pending","footnotes":""},"categories":[70],"tags":[2267,1805,861],"class_list":["post-116533","post","type-post","status-publish","format-standard","has-post-thumbnail","hentry","category-farandula","tag-diego-luna","tag-eiza-gonzales","tag-gael-garcia-bernal"],"_links":{"self":[{"href":"https:\/\/elinformanteperu.com\/index.php\/wp-json\/wp\/v2\/posts\/116533","targetHints":{"allow":["GET"]}}],"collection":[{"href":"https:\/\/elinformanteperu.com\/index.php\/wp-json\/wp\/v2\/posts"}],"about":[{"href":"https:\/\/elinformanteperu.com\/index.php\/wp-json\/wp\/v2\/types\/post"}],"author":[{"embeddable":true,"href":"https:\/\/elinformanteperu.com\/index.php\/wp-json\/wp\/v2\/users\/1"}],"replies":[{"embeddable":true,"href":"https:\/\/elinformanteperu.com\/index.php\/wp-json\/wp\/v2\/comments?post=116533"}],"version-history":[{"count":1,"href":"https:\/\/elinformanteperu.com\/index.php\/wp-json\/wp\/v2\/posts\/116533\/revisions"}],"predecessor-version":[{"id":116536,"href":"https:\/\/elinformanteperu.com\/index.php\/wp-json\/wp\/v2\/posts\/116533\/revisions\/116536"}],"wp:featuredmedia":[{"embeddable":true,"href":"https:\/\/elinformanteperu.com\/index.php\/wp-json\/wp\/v2\/media\/116534"}],"wp:attachment":[{"href":"https:\/\/elinformanteperu.com\/index.php\/wp-json\/wp\/v2\/media?parent=116533"}],"wp:term":[{"taxonomy":"category","embeddable":true,"href":"https:\/\/elinformanteperu.com\/index.php\/wp-json\/wp\/v2\/categories?post=116533"},{"taxonomy":"post_tag","embeddable":true,"href":"https:\/\/elinformanteperu.com\/index.php\/wp-json\/wp\/v2\/tags?post=116533"}],"curies":[{"name":"wp","href":"https:\/\/api.w.org\/{rel}","templated":true}]}}