{"id":116528,"date":"2022-09-04T08:17:22","date_gmt":"2022-09-04T13:17:22","guid":{"rendered":"https:\/\/elinformanteperu.com\/?p=116528"},"modified":"2022-09-04T08:17:22","modified_gmt":"2022-09-04T13:17:22","slug":"mono-machin-de-tumbes-en-la-lista-de-los-primates-mas-amenazados-del-mundo","status":"publish","type":"post","link":"https:\/\/elinformanteperu.com\/index.php\/2022\/09\/04\/mono-machin-de-tumbes-en-la-lista-de-los-primates-mas-amenazados-del-mundo\/","title":{"rendered":"Mono mach\u00edn de Tumbes en la lista de los primates m\u00e1s amenazados del mundo"},"content":{"rendered":"<p><strong><span style=\"color: #000000;\">Instituciones estatales y civiles unen esfuerzos para la conservaci\u00f3n de esta especie en el Per\u00fa.<\/span><\/strong><\/p>\n<p><span style=\"color: #000000;\"><strong>Lima, 04 de Setiembre 2022, (El Informante Per\u00fa).-<\/strong> El mono mach\u00edn de Tumbes (Cebus aequatorialis) ha sido incluido por segunda vez consecutiva dentro de la lista de los 25 primates m\u00e1s amenazados del mundo. Los cient\u00edficos expertos de la Uni\u00f3n Internacional para la Conservaci\u00f3n de la Naturaleza (UICN) y la Sociedad Internacional de Primatolog\u00eda (IPS) alertan sobre el estado de conservaci\u00f3n de esta especie.<\/span><\/p>\n<p><span style=\"color: #000000;\">\u201cEn esta nueva edici\u00f3n se incluye nuevamente al mono mach\u00edn de Tumbes, una especie que habita en el norte de Per\u00fa y que est\u00e1 altamente amenazado. Confiamos en que su permanencia en la lista seguir\u00e1 estimulando los esfuerzos por su conservaci\u00f3n en Per\u00fa \u201c, mencion\u00f3 Russ Mittermeier, presidente del Grupo de Especialista de Primates de la UICN, durante la presentaci\u00f3n oficial de esta publicaci\u00f3n en el XIX Congreso de la Sociedad Brasile\u00f1a de Primatolog\u00eda, en Mato Grosso, Brasil.<\/span><\/p>\n<p><span style=\"color: #000000;\">El 99 % de su h\u00e1bitat se ha perdido a nivel global y en nuestro pa\u00eds, este primate habita \u00fanicamente en el bosque tropical del Pac\u00edfico, ubicado \u00edntegramente en el departamento de Tumbes. Aqu\u00ed es resguardado en el corredor de unidades de conservaci\u00f3n compuesto por el Parque Nacional Cerros de Amotape y la Reserva Nacional de Tumbes del Servicio Nacional de \u00c1reas Naturales Protegidas por el Estado (SERNANP) y el \u00c1rea de Conservaci\u00f3n Regional Angostura Faical, del Gobierno Regional de Tumbes, dentro de la Reserva de Biosfera Transfronteriza Bosques de Paz y la Reserva de Biosfera del Noroeste Amotapes-Manglares.<\/span><\/p>\n<p><span style=\"color: #000000;\">\u201cAdem\u00e1s de la caza y el tr\u00e1fico de fauna silvestre, la principal amenaza para el mono mach\u00edn de Tumbes es la fragmentaci\u00f3n de los bosques generada por la p\u00e9rdida de su h\u00e1bitat, principalmente en la zona de su distribuci\u00f3n ubicada en Ecuador. Por ello actualmente se encuentra categorizado como en Peligro Cr\u00edtico de extinci\u00f3n por la UICN\u201d, se\u00f1ala Fanny M. Cornejo, directora ejecutiva de la Asociaci\u00f3n Civil Yunkawasi y coautora de la publicaci\u00f3n que describe el estado de esta especie.<\/span><\/p>\n<p><a href=\"https:\/\/elinformanteperu.com\/wp-content\/uploads\/2022\/09\/mono-machin1.jpg\"><img fetchpriority=\"high\" decoding=\"async\" class=\"aligncenter size-full wp-image-116530\" src=\"https:\/\/elinformanteperu.com\/wp-content\/uploads\/2022\/09\/mono-machin1.jpg\" alt=\"\" width=\"604\" height=\"447\" srcset=\"https:\/\/elinformanteperu.com\/wp-content\/uploads\/2022\/09\/mono-machin1.jpg 604w, https:\/\/elinformanteperu.com\/wp-content\/uploads\/2022\/09\/mono-machin1-300x222.jpg 300w\" sizes=\"(max-width: 604px) 100vw, 604px\" \/><\/a><\/p>\n<p><strong><span style=\"color: #000000;\">Alianzas e iniciativas para la conservaci\u00f3n del mono mach\u00edn de Tumbes<\/span><\/strong><\/p>\n<p><span style=\"color: #000000;\">Desde el 2019, instituciones estatales y civiles unen esfuerzos para la conservaci\u00f3n de esta especie en nuestro pa\u00eds, tanto a nivel de pol\u00edticas como de investigaci\u00f3n cient\u00edfica.<\/span><\/p>\n<p><span style=\"color: #000000;\">El Gobierno Regional de Tumbes, junto con el Servicio Nacional Forestal y de Fauna Silvestre (SERFOR), el Servicio Nacional de \u00c1reas Naturales Protegidas por el Estado (SERNANP) y la Asociaci\u00f3n Civil Yunkawasi, han anunciado la elaboraci\u00f3n del Plan de Acci\u00f3n Regional para la conservaci\u00f3n del mono mach\u00edn de Tumbes y el mono coto de Tumbes, en el marco del Plan Nacional de Conservaci\u00f3n de Primates Amenazados en el Per\u00fa.<\/span><\/p>\n<p><span style=\"color: #000000;\">En paralelo, con el fin de disminuir el desconocimiento sobre esta especie y contribuir a determinar las mejores medidas para su conservaci\u00f3n, desde el a\u00f1o 2019 se realiza el monitoreo de este primate en la Estaci\u00f3n Biol\u00f3gica El Caucho, ubicada en el Parque Nacional Cerros de Amotape. El estudio tendr\u00e1 como resultado una evaluaci\u00f3n de la abundancia del mono mach\u00edn de Tumbes en el \u00e1rea protegida.<\/span><\/p>\n<p><span style=\"color: #000000;\">\u201cSeg\u00fan los \u00faltimos avistamientos y reportes del personal guardaparque del Sernanp, se indica que la poblaci\u00f3n de esta especie estar\u00eda en aumento dentro del \u00e1rea natural protegida\u201d, informa Juan La Rosa, jefe del Parque Nacional Cerros de Amotape, uno de los \u00faltimos refugios naturales de este primate.<\/span><\/p>\n<p><span style=\"color: #000000;\">Adem\u00e1s, se est\u00e1n realizando coordinaciones con investigadores de la Universidad San Francisco de Quito, Ecuador, para poder hacer acciones conjuntas para la conservaci\u00f3n de esta especie, debido a que se encuentra \u00fanicamente en el sur de Ecuador y norte de Per\u00fa.<\/span><\/p>\n<p><span style=\"color: #000000;\">La importancia de la conservaci\u00f3n del mono mach\u00edn de Tumbes radica tambi\u00e9n en el importante rol que cumple en su ecosistema, ya que es una especie dispersora de semillas y act\u00faa como un polinizador de flores y controlador de plagas.<\/span><\/p>\n<p><a href=\"https:\/\/elinformanteperu.com\/wp-content\/uploads\/2022\/09\/bosque-sernanp.jpg\"><img decoding=\"async\" class=\"aligncenter size-full wp-image-116531\" src=\"https:\/\/elinformanteperu.com\/wp-content\/uploads\/2022\/09\/bosque-sernanp.jpg\" alt=\"\" width=\"811\" height=\"458\" srcset=\"https:\/\/elinformanteperu.com\/wp-content\/uploads\/2022\/09\/bosque-sernanp.jpg 811w, https:\/\/elinformanteperu.com\/wp-content\/uploads\/2022\/09\/bosque-sernanp-300x169.jpg 300w, https:\/\/elinformanteperu.com\/wp-content\/uploads\/2022\/09\/bosque-sernanp-768x434.jpg 768w, https:\/\/elinformanteperu.com\/wp-content\/uploads\/2022\/09\/bosque-sernanp-620x350.jpg 620w\" sizes=\"(max-width: 811px) 100vw, 811px\" \/><\/a><\/p>\n","protected":false},"excerpt":{"rendered":"<p>Instituciones estatales y civiles unen esfuerzos para la conservaci\u00f3n de esta especie en el Per\u00fa. Lima, 04 de Setiembre 2022, (El Informante Per\u00fa).- El mono mach\u00edn de Tumbes (Cebus aequatorialis) ha sido incluido por segunda vez consecutiva dentro de la lista de los 25 primates m\u00e1s amenazados del mundo. Los cient\u00edficos expertos de la Uni\u00f3n [&hellip;]<\/p>\n","protected":false},"author":1,"featured_media":116529,"comment_status":"closed","ping_status":"closed","sticky":false,"template":"","format":"standard","meta":{"rop_custom_images_group":[],"rop_custom_messages_group":[],"rop_publish_now":"initial","rop_publish_now_accounts":[],"rop_publish_now_history":[],"rop_publish_now_status":"pending","footnotes":""},"categories":[10],"tags":[],"class_list":["post-116528","post","type-post","status-publish","format-standard","has-post-thumbnail","hentry","category-actualidad-municipal"],"_links":{"self":[{"href":"https:\/\/elinformanteperu.com\/index.php\/wp-json\/wp\/v2\/posts\/116528","targetHints":{"allow":["GET"]}}],"collection":[{"href":"https:\/\/elinformanteperu.com\/index.php\/wp-json\/wp\/v2\/posts"}],"about":[{"href":"https:\/\/elinformanteperu.com\/index.php\/wp-json\/wp\/v2\/types\/post"}],"author":[{"embeddable":true,"href":"https:\/\/elinformanteperu.com\/index.php\/wp-json\/wp\/v2\/users\/1"}],"replies":[{"embeddable":true,"href":"https:\/\/elinformanteperu.com\/index.php\/wp-json\/wp\/v2\/comments?post=116528"}],"version-history":[{"count":1,"href":"https:\/\/elinformanteperu.com\/index.php\/wp-json\/wp\/v2\/posts\/116528\/revisions"}],"predecessor-version":[{"id":116532,"href":"https:\/\/elinformanteperu.com\/index.php\/wp-json\/wp\/v2\/posts\/116528\/revisions\/116532"}],"wp:featuredmedia":[{"embeddable":true,"href":"https:\/\/elinformanteperu.com\/index.php\/wp-json\/wp\/v2\/media\/116529"}],"wp:attachment":[{"href":"https:\/\/elinformanteperu.com\/index.php\/wp-json\/wp\/v2\/media?parent=116528"}],"wp:term":[{"taxonomy":"category","embeddable":true,"href":"https:\/\/elinformanteperu.com\/index.php\/wp-json\/wp\/v2\/categories?post=116528"},{"taxonomy":"post_tag","embeddable":true,"href":"https:\/\/elinformanteperu.com\/index.php\/wp-json\/wp\/v2\/tags?post=116528"}],"curies":[{"name":"wp","href":"https:\/\/api.w.org\/{rel}","templated":true}]}}