{"id":116398,"date":"2022-09-03T09:36:15","date_gmt":"2022-09-03T14:36:15","guid":{"rendered":"https:\/\/elinformanteperu.com\/?p=116398"},"modified":"2022-09-03T09:36:15","modified_gmt":"2022-09-03T14:36:15","slug":"david-beckham-mira-el-video-protagonizado-por-el-jugador-que-es-muy-criticado","status":"publish","type":"post","link":"https:\/\/elinformanteperu.com\/index.php\/2022\/09\/03\/david-beckham-mira-el-video-protagonizado-por-el-jugador-que-es-muy-criticado\/","title":{"rendered":"David Beckham: Mira el video protagonizado por el jugador que es muy criticado"},"content":{"rendered":"<p><span style=\"color: #000000;\"><strong>Londres, 03 de Setiembre, (ANDINA).-<\/strong> El exfutbolista David Beckham recibi\u00f3 cr\u00edticas por parte de organizaciones y en las redes sociales por hacer promoci\u00f3n en Catar en una campa\u00f1a publicitaria del emirato, que desde el 20 de noviembre acoger\u00e1 el Mundial 2022.<\/span><\/p>\n<p><span style=\"color: #000000;\">\u00abEs la perfecci\u00f3n para m\u00ed\u00bb, afirma la estrella inglesa sobre el pa\u00eds, en unos v\u00eddeos para Qatar Tourism.<\/span><\/p>\n<p><span style=\"color: #000000;\">\u00abEs un lugar incre\u00edble para pasar unos d\u00edas\u00bb, dice. \u00abEstoy deseando llevar all\u00ed a mis hijos\u00bb, sentencia.<\/span><\/p>\n<p><span style=\"color: #000000;\">En los v\u00eddeos de la campa\u00f1a, se ve a Beckham sobre una moto, en un barco, en el desierto bajo una tienda con hombres vestidos con atuendo tradicional y en un mercado de especias.<\/span><\/p>\n<p><span style=\"color: #000000;\">Beckham destaca tambi\u00e9n en sus intervenciones \u00abla mezcla entre modernidad y tradici\u00f3n\u00bb y considera que es algo que genera \u00abalgo realmente especial\u00bb.<\/span><\/p>\n<p><span style=\"color: #000000;\">Desde la designaci\u00f3n en 2010 como sede del Mundial-2022, Catar ha estado especialmente en el foco de las organizaciones de defensa de los Derechos Humanos, especialmente por las condiciones de trabajo en las infraestructuras para el torneo y por la situaci\u00f3n de las minor\u00edas sexuales.<\/span><\/p>\n<p><span style=\"color: #000000;\">Seg\u00fan la prensa brit\u00e1nica, esta campa\u00f1a ha permitido a Beckham ingresar 10 millones de libras (11,5 millones de euros o d\u00f3lares).<\/span><\/p>\n<p><span style=\"color: #000000;\">En las redes sociales fue especialmente criticado. Numerosos mensajes recordaban al exfutbolista la situaci\u00f3n legal de la comunidad LGBT en Catar.<\/span><\/p>\n<p><span style=\"color: #000000;\">La ONG Amnist\u00eda Internacional conden\u00f3 la campa\u00f1a publicitaria, se\u00f1alando \u00abel lamentable balance del pa\u00eds en materia de derechos humanos\u00bb.<\/span><\/p>\n<p><span style=\"color: #000000;\">\u00abEl renombre mundial y el estatus de Beckham son oro para Catar, pero \u00e9l deber\u00eda utilizar esa imagen para pedir a la FIFA y a las autoridades catar\u00edes que remedien los terribles abusos a las decenas de miles de trabajadores migrantes en la construcci\u00f3n\u00bb de las infraestructuras para el Mundial, declar\u00f3 Felix Jakens, uno de los responsables de Amnist\u00eda Internacional en el Reino Unido.<\/span><\/p>\n<blockquote class=\"twitter-tweet\">\n<p dir=\"ltr\" lang=\"en\">Qatar Tourism launches marketing campaign featuring <a href=\"https:\/\/twitter.com\/hashtag\/DavidBeckham?src=hash&amp;ref_src=twsrc%5Etfw\">#DavidBeckham<\/a><a href=\"https:\/\/twitter.com\/hashtag\/Qatar?src=hash&amp;ref_src=twsrc%5Etfw\">#Qatar<\/a> <a href=\"https:\/\/t.co\/eFmNMXMp90\">pic.twitter.com\/eFmNMXMp90<\/a><\/p>\n<p>\u2014 The Peninsula Qatar (@PeninsulaQatar) <a href=\"https:\/\/twitter.com\/PeninsulaQatar\/status\/1563527103735373824?ref_src=twsrc%5Etfw\">August 27, 2022<\/a><\/p><\/blockquote>\n<p><script async src=\"https:\/\/platform.twitter.com\/widgets.js\" charset=\"utf-8\"><\/script><\/p>\n","protected":false},"excerpt":{"rendered":"<p>Londres, 03 de Setiembre, (ANDINA).- El exfutbolista David Beckham recibi\u00f3 cr\u00edticas por parte de organizaciones y en las redes sociales por hacer promoci\u00f3n en Catar en una campa\u00f1a publicitaria del emirato, que desde el 20 de noviembre acoger\u00e1 el Mundial 2022. \u00abEs la perfecci\u00f3n para m\u00ed\u00bb, afirma la estrella inglesa sobre el pa\u00eds, en unos [&hellip;]<\/p>\n","protected":false},"author":1,"featured_media":98236,"comment_status":"closed","ping_status":"closed","sticky":false,"template":"","format":"standard","meta":{"rop_custom_images_group":[],"rop_custom_messages_group":[],"rop_publish_now":"initial","rop_publish_now_accounts":[],"rop_publish_now_history":[],"rop_publish_now_status":"pending","footnotes":""},"categories":[8],"tags":[5878],"class_list":["post-116398","post","type-post","status-publish","format-standard","has-post-thumbnail","hentry","category-disciplinas-deportivas","tag-david-beckham"],"_links":{"self":[{"href":"https:\/\/elinformanteperu.com\/index.php\/wp-json\/wp\/v2\/posts\/116398","targetHints":{"allow":["GET"]}}],"collection":[{"href":"https:\/\/elinformanteperu.com\/index.php\/wp-json\/wp\/v2\/posts"}],"about":[{"href":"https:\/\/elinformanteperu.com\/index.php\/wp-json\/wp\/v2\/types\/post"}],"author":[{"embeddable":true,"href":"https:\/\/elinformanteperu.com\/index.php\/wp-json\/wp\/v2\/users\/1"}],"replies":[{"embeddable":true,"href":"https:\/\/elinformanteperu.com\/index.php\/wp-json\/wp\/v2\/comments?post=116398"}],"version-history":[{"count":1,"href":"https:\/\/elinformanteperu.com\/index.php\/wp-json\/wp\/v2\/posts\/116398\/revisions"}],"predecessor-version":[{"id":116399,"href":"https:\/\/elinformanteperu.com\/index.php\/wp-json\/wp\/v2\/posts\/116398\/revisions\/116399"}],"wp:featuredmedia":[{"embeddable":true,"href":"https:\/\/elinformanteperu.com\/index.php\/wp-json\/wp\/v2\/media\/98236"}],"wp:attachment":[{"href":"https:\/\/elinformanteperu.com\/index.php\/wp-json\/wp\/v2\/media?parent=116398"}],"wp:term":[{"taxonomy":"category","embeddable":true,"href":"https:\/\/elinformanteperu.com\/index.php\/wp-json\/wp\/v2\/categories?post=116398"},{"taxonomy":"post_tag","embeddable":true,"href":"https:\/\/elinformanteperu.com\/index.php\/wp-json\/wp\/v2\/tags?post=116398"}],"curies":[{"name":"wp","href":"https:\/\/api.w.org\/{rel}","templated":true}]}}