{"id":116302,"date":"2022-08-20T10:46:30","date_gmt":"2022-08-20T15:46:30","guid":{"rendered":"https:\/\/elinformanteperu.com\/?p=116302"},"modified":"2022-08-20T10:46:30","modified_gmt":"2022-08-20T15:46:30","slug":"diego-bertie-lanzaran-ultimo-tema-que-grabo-titulado-que-vas-a-hacer","status":"publish","type":"post","link":"https:\/\/elinformanteperu.com\/index.php\/2022\/08\/20\/diego-bertie-lanzaran-ultimo-tema-que-grabo-titulado-que-vas-a-hacer\/","title":{"rendered":"Diego Bertie: Lanzar\u00e1n \u00faltimo tema que grab\u00f3 titulado \u00ab\u00bfQu\u00e9 vas a hacer?\u00bb"},"content":{"rendered":"<p><span style=\"color: #000000;\"><strong>Lima, 20 de Agosto 2022, (ANDINA).-<\/strong> A dos semanas de la partida de Diego Bertie se lanzar\u00e1 el \u00faltimo tema que grab\u00f3 titulado \u00ab\u00bfQu\u00e9 vas a hacer?\u00bb, bajo la producci\u00f3n de Augusto Madue\u00f1o.<\/span><\/p>\n<p><span style=\"color: #000000;\">\u00abEstaba como un ni\u00f1o emocionado, cada d\u00eda con una nueva idea; siempre proponiendo\u00bb, explica Madue\u00f1o, quien presentar\u00e1 el tema el pr\u00f3ximo 5 de setiembre en el auditorio del centro Antonio Banderas.<\/span><\/p>\n<p><span style=\"color: #000000;\">Madue\u00f1o se quebr\u00f3 al hacer el anuncio y cont\u00f3 detalles de c\u00f3mo se unieron para trabajar este tema y c\u00f3mo hab\u00edan avanzado para poder lanzarlo de la mejor manera.<\/span><\/p>\n<p><span style=\"color: #000000;\">\u00abLe mostr\u00e9 el corte final del video y quer\u00eda verlo colorizado&#8230; se fue sin verlo y eso es lo que m\u00e1s me parte. Ahora ya no es un videoclip es un mensaje a todos\u00bb, expres\u00f3.<\/span><\/p>\n<p><a href=\"https:\/\/elinformanteperu.com\/wp-content\/uploads\/2022\/08\/diego-bertie3.jpg\"><img fetchpriority=\"high\" decoding=\"async\" class=\"aligncenter size-full wp-image-116230\" src=\"https:\/\/elinformanteperu.com\/wp-content\/uploads\/2022\/08\/diego-bertie3.jpg\" alt=\"\" width=\"1200\" height=\"900\" srcset=\"https:\/\/elinformanteperu.com\/wp-content\/uploads\/2022\/08\/diego-bertie3.jpg 1200w, https:\/\/elinformanteperu.com\/wp-content\/uploads\/2022\/08\/diego-bertie3-300x225.jpg 300w, https:\/\/elinformanteperu.com\/wp-content\/uploads\/2022\/08\/diego-bertie3-1024x768.jpg 1024w, https:\/\/elinformanteperu.com\/wp-content\/uploads\/2022\/08\/diego-bertie3-768x576.jpg 768w\" sizes=\"(max-width: 1200px) 100vw, 1200px\" \/><\/a><\/p>\n","protected":false},"excerpt":{"rendered":"<p>Lima, 20 de Agosto 2022, (ANDINA).- A dos semanas de la partida de Diego Bertie se lanzar\u00e1 el \u00faltimo tema que grab\u00f3 titulado \u00ab\u00bfQu\u00e9 vas a hacer?\u00bb, bajo la producci\u00f3n de Augusto Madue\u00f1o. \u00abEstaba como un ni\u00f1o emocionado, cada d\u00eda con una nueva idea; siempre proponiendo\u00bb, explica Madue\u00f1o, quien presentar\u00e1 el tema el pr\u00f3ximo 5 [&hellip;]<\/p>\n","protected":false},"author":1,"featured_media":95549,"comment_status":"closed","ping_status":"closed","sticky":false,"template":"","format":"standard","meta":{"rop_custom_images_group":[],"rop_custom_messages_group":[],"rop_publish_now":"initial","rop_publish_now_accounts":[],"rop_publish_now_history":[],"rop_publish_now_status":"pending","footnotes":""},"categories":[69],"tags":[2399],"class_list":["post-116302","post","type-post","status-publish","format-standard","has-post-thumbnail","hentry","category-musica","tag-diego-bertie"],"_links":{"self":[{"href":"https:\/\/elinformanteperu.com\/index.php\/wp-json\/wp\/v2\/posts\/116302","targetHints":{"allow":["GET"]}}],"collection":[{"href":"https:\/\/elinformanteperu.com\/index.php\/wp-json\/wp\/v2\/posts"}],"about":[{"href":"https:\/\/elinformanteperu.com\/index.php\/wp-json\/wp\/v2\/types\/post"}],"author":[{"embeddable":true,"href":"https:\/\/elinformanteperu.com\/index.php\/wp-json\/wp\/v2\/users\/1"}],"replies":[{"embeddable":true,"href":"https:\/\/elinformanteperu.com\/index.php\/wp-json\/wp\/v2\/comments?post=116302"}],"version-history":[{"count":1,"href":"https:\/\/elinformanteperu.com\/index.php\/wp-json\/wp\/v2\/posts\/116302\/revisions"}],"predecessor-version":[{"id":116303,"href":"https:\/\/elinformanteperu.com\/index.php\/wp-json\/wp\/v2\/posts\/116302\/revisions\/116303"}],"wp:featuredmedia":[{"embeddable":true,"href":"https:\/\/elinformanteperu.com\/index.php\/wp-json\/wp\/v2\/media\/95549"}],"wp:attachment":[{"href":"https:\/\/elinformanteperu.com\/index.php\/wp-json\/wp\/v2\/media?parent=116302"}],"wp:term":[{"taxonomy":"category","embeddable":true,"href":"https:\/\/elinformanteperu.com\/index.php\/wp-json\/wp\/v2\/categories?post=116302"},{"taxonomy":"post_tag","embeddable":true,"href":"https:\/\/elinformanteperu.com\/index.php\/wp-json\/wp\/v2\/tags?post=116302"}],"curies":[{"name":"wp","href":"https:\/\/api.w.org\/{rel}","templated":true}]}}