{"id":116299,"date":"2022-08-20T10:44:08","date_gmt":"2022-08-20T15:44:08","guid":{"rendered":"https:\/\/elinformanteperu.com\/?p=116299"},"modified":"2022-08-20T10:44:08","modified_gmt":"2022-08-20T15:44:08","slug":"eva-ayllon-lanza-feat-junto-a-daniela-darcourt-del-clasico-de-que-estoy-hecha","status":"publish","type":"post","link":"https:\/\/elinformanteperu.com\/index.php\/2022\/08\/20\/eva-ayllon-lanza-feat-junto-a-daniela-darcourt-del-clasico-de-que-estoy-hecha\/","title":{"rendered":"Eva Ayll\u00f3n lanza feat junto a Daniela Darcourt del cl\u00e1sico \u00abDe qu\u00e9 estoy hecha\u00bb"},"content":{"rendered":"<p><span style=\"color: #000000;\"><strong>Lima, 20 de Agosto 2022, (ANDINA).-<\/strong> Eva Ayll\u00f3n estrena su primer \u2018feat&#8217; con Daniela Darcourt del cl\u00e1sico vals \u201cDe qu\u00e9 estoy hecha\u201d, en versi\u00f3n salsa; canci\u00f3n que ya est\u00e1 disponible en todas las plataformas musicales.<\/span><\/p>\n<p><span style=\"color: #000000;\">Esta colaboraci\u00f3n se dio por iniciativa de Eva, luego de que la criolla invitara a Daniela a compartir su escenario, en julio del a\u00f1o pasado, en el show virtual \u201cEmociones\u201d. All\u00ed acordaron grabarlo en cuanto pudieran hacer coincidir sus apretadas agendas.<\/span><\/p>\n<p><span style=\"color: #000000;\">Logrado el objetivo, Eva y Daniela, quienes est\u00e1n de regreso en la televisi\u00f3n como \u2018coaches\u2019 vocales de La Voz, se reunieron en el estudio de grabaciones para registrar esta canci\u00f3n que inicia como un sentido vals y da paso a una en\u00e9rgica salsa, que invita al baile y la gozadera.<\/span><\/p>\n<p><span style=\"color: #000000;\">Cabe destacar que la versi\u00f3n original de \u201cDe qu\u00e9 estoy hecha\u201d -canci\u00f3n de la autor\u00eda de Roberto Livi y Rafael Ferro, grabada en 1998-, forma parte del disco de Eva Ayll\u00f3n \u201cAmanecer en ti\u201d. Los arreglos y producci\u00f3n musical del \u2018remake\u2019 estuvieron a cargo de Jes\u00fas \u2018El Viejo\u2019 Rodr\u00edguez y C\u00e9sar Silva.<\/span><\/p>\n<p><span style=\"color: #000000;\">\u201cEstoy feliz de presentar esta colaboraci\u00f3n con Daniela. Como he declarado antes, es tan talentosa que con ella quiero hacerlo todo: video, gira, disco\u2026 Esta colaboraci\u00f3n es solo el inicio de lo que podemos hacer en conjunto\u201d, afirma Ayll\u00f3n.<\/span><\/p>\n<p><span style=\"color: #000000;\">Por su parte, Darcourt responde \u201ccompartir una cabina de grabaci\u00f3n con mami Eva ha sido muy satisfactorio. Siento gran admiraci\u00f3n y respeto por su carrera, pero m\u00e1s a\u00fan por su don de gente. Eva tiene un gran coraz\u00f3n. Le agradezco por esta oportunidad de haber podido compartir una grabaci\u00f3n\u201d.<\/span><\/p>\n<p><strong><span style=\"color: #000000;\">Versatilidad a flor de piel<\/span><\/strong><\/p>\n<p><span style=\"color: #000000;\">El pasado 15 de agosto, Eva Ayll\u00f3n, ganadora al Grammy Latino a la Excelencia Musical (2019), cumpli\u00f3 52 a\u00f1os de aplaudida carrera art\u00edstica, tiempo en el que ha demostrado su gran versatilidad al incursionar en diversos g\u00e9neros musicales. En su voz hemos escuchado desde m\u00fasica vernacular, boleros, cumbias, nueva ola y pop, hasta g\u00e9neros for\u00e1neos como el tango, el rock o los blues, entre otros.<\/span><\/p>\n<p><span style=\"color: #000000;\">El \u2018remake\u2019 de \u201cDe qu\u00e9 estoy hecha\u201d no es su primer acercamiento a los ritmos caribe\u00f1os. Tambi\u00e9n de su repertorio, Eva ha llevado a la salsa temas como \u201c\u00c1nimo y aliento\u201d y \u201cCuando llegue la hora\u201d; y, de otros artistas, ha versionado canciones como \u201cSobrevivir\u00e9\u201d, \u201cLa cantante\u201d y \u201cLa quiero a morir\u201d y \u201cEl chico ch\u00e9vere\u201d.<\/span><\/p>\n<p><span style=\"color: #000000;\">Tambi\u00e9n ha compartido escenario con grandes int\u00e9rpretes de la salsa mundial como Marc Anthony, Cheo Feliciano, Gilberto Santa Rosa, Albita y El Gran Combo de Puerto Rico.<\/span><\/p>\n<p><span style=\"color: #000000;\">Acostumbrada a los retos, Ayll\u00f3n no descarta grabar un \u00e1lbum completo dedicado a este ritmo.<\/span><\/p>\n<p><a href=\"https:\/\/elinformanteperu.com\/wp-content\/uploads\/2022\/03\/eva-ayllon-no-me-digas-solterona2-3jpg.jpg\"><img fetchpriority=\"high\" decoding=\"async\" class=\"aligncenter size-full wp-image-112949\" src=\"https:\/\/elinformanteperu.com\/wp-content\/uploads\/2022\/03\/eva-ayllon-no-me-digas-solterona2-3jpg.jpg\" alt=\"\" width=\"730\" height=\"455\" srcset=\"https:\/\/elinformanteperu.com\/wp-content\/uploads\/2022\/03\/eva-ayllon-no-me-digas-solterona2-3jpg.jpg 730w, https:\/\/elinformanteperu.com\/wp-content\/uploads\/2022\/03\/eva-ayllon-no-me-digas-solterona2-3jpg-300x187.jpg 300w\" sizes=\"(max-width: 730px) 100vw, 730px\" \/><\/a><\/p>\n","protected":false},"excerpt":{"rendered":"<p>Lima, 20 de Agosto 2022, (ANDINA).- Eva Ayll\u00f3n estrena su primer \u2018feat&#8217; con Daniela Darcourt del cl\u00e1sico vals \u201cDe qu\u00e9 estoy hecha\u201d, en versi\u00f3n salsa; canci\u00f3n que ya est\u00e1 disponible en todas las plataformas musicales. Esta colaboraci\u00f3n se dio por iniciativa de Eva, luego de que la criolla invitara a Daniela a compartir su escenario, [&hellip;]<\/p>\n","protected":false},"author":1,"featured_media":116300,"comment_status":"closed","ping_status":"closed","sticky":false,"template":"","format":"standard","meta":{"rop_custom_images_group":[],"rop_custom_messages_group":[],"rop_publish_now":"initial","rop_publish_now_accounts":[],"rop_publish_now_history":[],"rop_publish_now_status":"pending","footnotes":""},"categories":[69],"tags":[4914,1426],"class_list":["post-116299","post","type-post","status-publish","format-standard","has-post-thumbnail","hentry","category-musica","tag-daniela-darcourt","tag-eva-ayllon"],"_links":{"self":[{"href":"https:\/\/elinformanteperu.com\/index.php\/wp-json\/wp\/v2\/posts\/116299","targetHints":{"allow":["GET"]}}],"collection":[{"href":"https:\/\/elinformanteperu.com\/index.php\/wp-json\/wp\/v2\/posts"}],"about":[{"href":"https:\/\/elinformanteperu.com\/index.php\/wp-json\/wp\/v2\/types\/post"}],"author":[{"embeddable":true,"href":"https:\/\/elinformanteperu.com\/index.php\/wp-json\/wp\/v2\/users\/1"}],"replies":[{"embeddable":true,"href":"https:\/\/elinformanteperu.com\/index.php\/wp-json\/wp\/v2\/comments?post=116299"}],"version-history":[{"count":1,"href":"https:\/\/elinformanteperu.com\/index.php\/wp-json\/wp\/v2\/posts\/116299\/revisions"}],"predecessor-version":[{"id":116301,"href":"https:\/\/elinformanteperu.com\/index.php\/wp-json\/wp\/v2\/posts\/116299\/revisions\/116301"}],"wp:featuredmedia":[{"embeddable":true,"href":"https:\/\/elinformanteperu.com\/index.php\/wp-json\/wp\/v2\/media\/116300"}],"wp:attachment":[{"href":"https:\/\/elinformanteperu.com\/index.php\/wp-json\/wp\/v2\/media?parent=116299"}],"wp:term":[{"taxonomy":"category","embeddable":true,"href":"https:\/\/elinformanteperu.com\/index.php\/wp-json\/wp\/v2\/categories?post=116299"},{"taxonomy":"post_tag","embeddable":true,"href":"https:\/\/elinformanteperu.com\/index.php\/wp-json\/wp\/v2\/tags?post=116299"}],"curies":[{"name":"wp","href":"https:\/\/api.w.org\/{rel}","templated":true}]}}