{"id":116109,"date":"2022-07-28T11:05:13","date_gmt":"2022-07-28T16:05:13","guid":{"rendered":"https:\/\/elinformanteperu.com\/?p=116109"},"modified":"2022-07-28T11:05:13","modified_gmt":"2022-07-28T16:05:13","slug":"luis-suarez-ficha-por-el-nacional-de-uruguay-y-sacude-el-futbol-sudamericano","status":"publish","type":"post","link":"https:\/\/elinformanteperu.com\/index.php\/2022\/07\/28\/luis-suarez-ficha-por-el-nacional-de-uruguay-y-sacude-el-futbol-sudamericano\/","title":{"rendered":"Luis Su\u00e1rez ficha por el Nacional de Uruguay y sacude el f\u00fatbol sudamericano"},"content":{"rendered":"<p><span style=\"color: #000000;\"><strong>Montevideo, 27 de Julio 2022, (ANDINA).-<\/strong> El astro uruguayo Luis Su\u00e1rez jugar\u00e1 hasta fin de a\u00f1o en Nacional de Montevideo, el club en el que debut\u00f3 como profesional hace 17 a\u00f1os, lo que le permitir\u00e1 tener continuidad de cara al Mundial de Catar-2022.<\/span><\/p>\n<p><span style=\"color: #000000;\">\u00abYa est\u00e1 solucionado\u00bb el contrato, anunci\u00f3 el mi\u00e9rcoles el presidente de Nacional, Jos\u00e9 Fuentes, al indicar que &#8216;el Pistolero&#8217; \u00abestar\u00e1 a la orden\u00bb el martes pr\u00f3ximo para jugar contra el brasile\u00f1o Atl\u00e9tico Goianiense el partido de ida de los cuartos de final de la Copa Sudamericana-2022.<\/span><\/p>\n<p><span style=\"color: #000000;\">El veterano delantero, de 35 a\u00f1os, tuvo ofertas de otros equipos hasta \u00faltimo momento, \u00abpero me dijo que eligi\u00f3 venir a Nacional\u00bb, agreg\u00f3 Fuentes.<\/span><\/p>\n<p><span style=\"color: #000000;\">Su\u00e1rez es esperado el domingo en Montevideo y a su llegada ser\u00e1 presentado a los seguidores de Nacional en su estadio, el Gran Parque Central de Montevideo.<\/span><\/p>\n<p><span style=\"color: #000000;\">Adem\u00e1s de la Sudamericana, a Su\u00e1rez le espera con Nacional, antes de quedar a \u00f3rdenes de la selecci\u00f3n uruguaya para el Mundial (21 noviembre-18 diciembre), el torneo Clausura local y la Copa Uruguay.<\/span><\/p>\n<p><strong><span style=\"color: #000000;\">Sonajero de rumores<\/span><\/strong><\/p>\n<p><span style=\"color: #000000;\">Su\u00e1rez se encontraba sin club desde mediados de mayo tras la finalizaci\u00f3n de su contrato de dos temporadas con el Atl\u00e9tico de Madrid y con la intenci\u00f3n de continuar en Europa en un equipo que le garantizara titularidad pensando en la Copa del Mundo, la cuarta que disputar\u00e1 desde Sud\u00e1frica-2010.<\/span><\/p>\n<p><span style=\"color: #000000;\">Varias ofertas llegaron a sus manos, principalmente de los tres clubes m\u00e1s populares de Turqu\u00eda y una de Italia, pero ninguna de estas satisfizo los intereses deportivos y personales del m\u00e1ximo goleador hist\u00f3rico de la Celeste (68 goles).<\/span><\/p>\n<p><span style=\"color: #000000;\">Otras, como la del Borussia Dortmund, destacada por la prensa alemana recientemente como uno de los candidatos a reemplazar al marfile\u00f1o S\u00e9bastien Haller -fichado para sustituir al noruego Erling Haaland- tras ser diagnosticado con un c\u00e1ncer testicular, terminaron en rumores.<\/span><\/p>\n<p><span style=\"color: #000000;\">Tambi\u00e9n le llegaron propuestas de la Major League Soccer (MLS) pero r\u00e1pidamente perdieron fuerza mientras en redes sociales crec\u00eda una campa\u00f1a impulsada por los hinchas del Bolso pidiendo su regreso a Nacional.<\/span><\/p>\n<blockquote class=\"twitter-tweet\">\n<p dir=\"ltr\" lang=\"es\">Ahora s\u00ed,OFICIALMENTE! <a href=\"https:\/\/twitter.com\/hashtag\/SUAREZENNACIONAL?src=hash&amp;ref_src=twsrc%5Etfw\">#SUAREZENNACIONAL<\/a>! \u2764\ufe0f\ud83e\udd0d\ud83d\udc99<br \/>\nUn orgullo volver a vestir mi camiseta en <a href=\"https:\/\/twitter.com\/Nacional?ref_src=twsrc%5Etfw\">@Nacional<\/a> ! Gracias a todos por el apoyo! NOS VEMOS PRONTO. \ud83d\ude4c\ud83d\ude4c <a href=\"https:\/\/t.co\/DRvuf44W8G\">pic.twitter.com\/DRvuf44W8G<\/a><\/p>\n<p>\u2014 Luis Suarez (@LuisSuarez9) <a href=\"https:\/\/twitter.com\/LuisSuarez9\/status\/1552357000075436033?ref_src=twsrc%5Etfw\">July 27, 2022<\/a><\/p><\/blockquote>\n<p><script async src=\"https:\/\/platform.twitter.com\/widgets.js\" charset=\"utf-8\"><\/script><\/p>\n","protected":false},"excerpt":{"rendered":"<p>Montevideo, 27 de Julio 2022, (ANDINA).- El astro uruguayo Luis Su\u00e1rez jugar\u00e1 hasta fin de a\u00f1o en Nacional de Montevideo, el club en el que debut\u00f3 como profesional hace 17 a\u00f1os, lo que le permitir\u00e1 tener continuidad de cara al Mundial de Catar-2022. \u00abYa est\u00e1 solucionado\u00bb el contrato, anunci\u00f3 el mi\u00e9rcoles el presidente de Nacional, [&hellip;]<\/p>\n","protected":false},"author":1,"featured_media":116110,"comment_status":"closed","ping_status":"closed","sticky":false,"template":"","format":"standard","meta":{"rop_custom_images_group":[],"rop_custom_messages_group":[],"rop_publish_now":"initial","rop_publish_now_accounts":[],"rop_publish_now_history":[],"rop_publish_now_status":"pending","footnotes":""},"categories":[8],"tags":[818],"class_list":["post-116109","post","type-post","status-publish","format-standard","has-post-thumbnail","hentry","category-disciplinas-deportivas","tag-luis-suarez"],"_links":{"self":[{"href":"https:\/\/elinformanteperu.com\/index.php\/wp-json\/wp\/v2\/posts\/116109","targetHints":{"allow":["GET"]}}],"collection":[{"href":"https:\/\/elinformanteperu.com\/index.php\/wp-json\/wp\/v2\/posts"}],"about":[{"href":"https:\/\/elinformanteperu.com\/index.php\/wp-json\/wp\/v2\/types\/post"}],"author":[{"embeddable":true,"href":"https:\/\/elinformanteperu.com\/index.php\/wp-json\/wp\/v2\/users\/1"}],"replies":[{"embeddable":true,"href":"https:\/\/elinformanteperu.com\/index.php\/wp-json\/wp\/v2\/comments?post=116109"}],"version-history":[{"count":1,"href":"https:\/\/elinformanteperu.com\/index.php\/wp-json\/wp\/v2\/posts\/116109\/revisions"}],"predecessor-version":[{"id":116111,"href":"https:\/\/elinformanteperu.com\/index.php\/wp-json\/wp\/v2\/posts\/116109\/revisions\/116111"}],"wp:featuredmedia":[{"embeddable":true,"href":"https:\/\/elinformanteperu.com\/index.php\/wp-json\/wp\/v2\/media\/116110"}],"wp:attachment":[{"href":"https:\/\/elinformanteperu.com\/index.php\/wp-json\/wp\/v2\/media?parent=116109"}],"wp:term":[{"taxonomy":"category","embeddable":true,"href":"https:\/\/elinformanteperu.com\/index.php\/wp-json\/wp\/v2\/categories?post=116109"},{"taxonomy":"post_tag","embeddable":true,"href":"https:\/\/elinformanteperu.com\/index.php\/wp-json\/wp\/v2\/tags?post=116109"}],"curies":[{"name":"wp","href":"https:\/\/api.w.org\/{rel}","templated":true}]}}