{"id":115515,"date":"2022-06-20T22:58:46","date_gmt":"2022-06-21T03:58:46","guid":{"rendered":"https:\/\/elinformanteperu.com\/?p=115515"},"modified":"2022-06-20T22:58:46","modified_gmt":"2022-06-21T03:58:46","slug":"mexico-celebra-ser-sede-del-mundial-2026-con-el-estadio-azteca-como-emblema","status":"publish","type":"post","link":"https:\/\/elinformanteperu.com\/index.php\/2022\/06\/20\/mexico-celebra-ser-sede-del-mundial-2026-con-el-estadio-azteca-como-emblema\/","title":{"rendered":"M\u00e9xico celebra ser sede del Mundial 2026 con el estadio Azteca como emblema"},"content":{"rendered":"<p><span style=\"color: #000000;\"><strong>Lima, 20 de Junio 2022, (ANDINA).-<\/strong> Tras la designaci\u00f3n de la Ciudad de M\u00e9xico, Guadalajara y Monterrey entre las 16 sedes que albergar\u00e1n la Copa del Mundo-2026 en Norteam\u00e9rica, en M\u00e9xico celebraron ser organizador del Mundial por tercera vez con el estadio Azteca como emblema.<\/span><\/p>\n<p><span style=\"color: #000000;\">\u00ab\u00a1Haciendo historia! Al conseguir las sedes en Monterrey, Guadalajara y Ciudad de M\u00e9xico para el Mundial de 2026, \u00a1M\u00e9xico se convierte en el \u00fanico pa\u00eds en el mundo en albergar una Copa Mundial de la FIFA por tercera ocasi\u00f3n\u00bb, celebr\u00f3 la Federaci\u00f3n Mexicana de F\u00fatbol en sus redes sociales.<\/span><\/p>\n<p><span style=\"color: #000000;\">Los tres estadios mexicanos elegidos para la Copa del Mundo de 2026 que M\u00e9xico organizar\u00e1 junto con Estados Unidos y Canad\u00e1 son el estadio Akron de Guadalajara, el BBVA de Monterrey y el Azteca en la Ciudad de M\u00e9xico, este \u00faltimo ser\u00e1 sede mundialista por tercera vez en la historia.<\/span><\/p>\n<p><span style=\"color: #000000;\">El estadio Azteca tiene el r\u00e9cord de m\u00e1s partidos de Copa del Mundo con 19: 10 en el Mundial de 1970 m\u00e1s nueve en el de 1986. Tambi\u00e9n ha sido sede de dos ceremonias de inauguraci\u00f3n de la Copa y dos finales.<\/span><\/p>\n<p><span style=\"color: #000000;\">Sobre su cancha se jug\u00f3 el denominado \u00abPartido del Siglo\u00bb en las semifinales de 1970 entre Italia y Alemania, y en los cuartos de final de 1986 entre Argentina e Inglaterra se suscitaron el Gol del Siglo y la Mano de Dios.<\/span><\/p>\n<p><span style=\"color: #000000;\">En la Copa del Mundo de 1970 se coron\u00f3 Pel\u00e9 al frente de Brasil y en la de 1986 Argentina al mando de Diego Armando Maradona.<\/span><\/p>\n<p><span style=\"color: #000000;\">\u00abEste estadio tiene alma, historia y coraz\u00f3n\u00bb, presumi\u00f3 Emilio Azc\u00e1rraga Jean, presidente de Televisa, empresa propietaria del estadio Azteca, y reconoci\u00f3 que \u00abobviamente requiere de una modernizaci\u00f3n con la \u00faltima tecnolog\u00eda\u00bb.<\/span><\/p>\n<p><span style=\"color: #000000;\">Azc\u00e1rraga Jean, hijo de Emilio Azc\u00e1rraga Milmo, quien orden\u00f3 la construcci\u00f3n del estadio Azteca y lo inaugur\u00f3 el 29 de mayo de 1966, coment\u00f3 que a partir de 2023 el inmueble \u00abse va a remodelar dentro de la misma plataforma (estructura)\u00bb y asegur\u00f3 que \u00abva a ser la sede m\u00e1s importante y la mejor de la Copa del Mundo de 2026\u00bb.<\/span><\/p>\n<p><span style=\"color: #000000;\">&#8211; Guadalajara y Monterrey con nuevos estadios &#8211;<\/span><br \/>\n<span style=\"color: #000000;\">Adem\u00e1s de la Ciudad de M\u00e9xico, Guadalajara y Monterrey repetir\u00e1n como sedes del Mundial, pero con otros estadios a los que se conoc\u00edan en la historia de la Copa del Mundo.<\/span><\/p>\n<p><span style=\"color: #000000;\">Guadalajara alberg\u00f3 partidos de los dos Mundiales que ha organizado M\u00e9xico: ocho en 1970 y seis en 1986 en el estadio Jalisco, pero en 2026 lo har\u00e1 en el estadio Akron, inaugurado en 2010.<\/span><\/p>\n<p><span style=\"color: #000000;\">Monterrey s\u00f3lo fue sede en 1986 con cinco partidos en el estadio Universitario, inaugurado en 1967; en 2026 presentar\u00e1 el estadio BBVA, uno de los m\u00e1s nuevos del balompi\u00e9 mexicano, inaugurado en 2015.<\/span><\/p>\n<p><span style=\"color: #000000;\">A pesar de su modernidad, este estadio BBVA ser\u00e1 sometido a trabajos de modernizaci\u00f3n para la Copa del Mundo con tres modificaciones.<\/span><\/p>\n<p><span style=\"color: #000000;\">\u00abSon tres cosas las que tenemos b\u00e1sicamente en una agenda con la FIFA, la primera es un tema de ventilaci\u00f3n para el campo, todav\u00eda no est\u00e1 claro si es subt\u00e9rraneo o por arriba\u00bb, explic\u00f3 Pedro Esquivel, vicepresidente del Monterrey, club que juega en esta cancha.<\/span><\/p>\n<p><span style=\"color: #000000;\">\u00abLa segunda es toda el \u00e1rea de prensa, los requerimientos de FIFA para este tipo de eventos implican m\u00e1s espacio del que tenemos hoy y la tercera es la zona VIP por el tipo de personalidades que vienen a estos eventos\u00bb, complement\u00f3 el dirigente.<\/span><\/p>\n<p><span style=\"color: #000000;\">Los trabajos de remodelaci\u00f3n del estadio BBVA comenzar\u00e1n tambi\u00e9n en 2023.<\/span><\/p>\n<p><span style=\"color: #000000;\">Para el Mundial de 2026, fueron elegidas 11 sedes de Estados Unidos: Dallas (estadio AT&amp;T), Atlanta (estadio Mercedes-Benz), Nueva York\/Nueva Jersey (estadio MetLife Stadium), Filadelfia (Lincoln Financial Field), Boston (estadio Gillette), Houston (estadio NRG), Los \u00c1ngeles (estadio SoFi), Kansas City (estadio Arrowhead), Miami (estadio Hard Rock), San Francisco (estadio Levi&#8217;s Stadium) y Seattle (Lumen Field).<\/span><\/p>\n<p><span style=\"color: #000000;\">De Canad\u00e1 fueron elegidas dos sedes: Toronto (BMO Field) y Vancouver (BC Place).<\/span><\/p>\n<blockquote class=\"twitter-tweet\">\n<p dir=\"ltr\" lang=\"es\">\u00a1Hist\u00f3rico! M\u00e9xico albergar\u00e1 por tercera vez la Copa Mundial de la FIFA. Guadalajara, Monterrey y la CDMX fueron seleccionadas como Ciudades Sede del <a href=\"https:\/\/twitter.com\/hashtag\/Mundial2026?src=hash&amp;ref_src=twsrc%5Etfw\">#Mundial2026<\/a>.<a href=\"https:\/\/twitter.com\/hashtag\/FMFporNuestroF%C3%BAtbol?src=hash&amp;ref_src=twsrc%5Etfw\">#FMFporNuestroF\u00fatbol<\/a> | <a href=\"https:\/\/twitter.com\/hashtag\/HostCity2026?src=hash&amp;ref_src=twsrc%5Etfw\">#HostCity2026<\/a> <a href=\"https:\/\/t.co\/8fCAdUaiSF\">pic.twitter.com\/8fCAdUaiSF<\/a><\/p>\n<p>\u2014 Federaci\u00f3n Mexicana de F\u00fatbol (@FMF) <a href=\"https:\/\/twitter.com\/FMF\/status\/1537606236673347585?ref_src=twsrc%5Etfw\">June 17, 2022<\/a><\/p><\/blockquote>\n<p><script async src=\"https:\/\/platform.twitter.com\/widgets.js\" charset=\"utf-8\"><\/script><\/p>\n","protected":false},"excerpt":{"rendered":"<p>Lima, 20 de Junio 2022, (ANDINA).- Tras la designaci\u00f3n de la Ciudad de M\u00e9xico, Guadalajara y Monterrey entre las 16 sedes que albergar\u00e1n la Copa del Mundo-2026 en Norteam\u00e9rica, en M\u00e9xico celebraron ser organizador del Mundial por tercera vez con el estadio Azteca como emblema. \u00ab\u00a1Haciendo historia! Al conseguir las sedes en Monterrey, Guadalajara y [&hellip;]<\/p>\n","protected":false},"author":1,"featured_media":115516,"comment_status":"closed","ping_status":"closed","sticky":false,"template":"","format":"standard","meta":{"rop_custom_images_group":[],"rop_custom_messages_group":[],"rop_publish_now":"initial","rop_publish_now_accounts":[],"rop_publish_now_history":[],"rop_publish_now_status":"pending","footnotes":""},"categories":[8],"tags":[],"class_list":["post-115515","post","type-post","status-publish","format-standard","has-post-thumbnail","hentry","category-disciplinas-deportivas"],"_links":{"self":[{"href":"https:\/\/elinformanteperu.com\/index.php\/wp-json\/wp\/v2\/posts\/115515","targetHints":{"allow":["GET"]}}],"collection":[{"href":"https:\/\/elinformanteperu.com\/index.php\/wp-json\/wp\/v2\/posts"}],"about":[{"href":"https:\/\/elinformanteperu.com\/index.php\/wp-json\/wp\/v2\/types\/post"}],"author":[{"embeddable":true,"href":"https:\/\/elinformanteperu.com\/index.php\/wp-json\/wp\/v2\/users\/1"}],"replies":[{"embeddable":true,"href":"https:\/\/elinformanteperu.com\/index.php\/wp-json\/wp\/v2\/comments?post=115515"}],"version-history":[{"count":1,"href":"https:\/\/elinformanteperu.com\/index.php\/wp-json\/wp\/v2\/posts\/115515\/revisions"}],"predecessor-version":[{"id":115517,"href":"https:\/\/elinformanteperu.com\/index.php\/wp-json\/wp\/v2\/posts\/115515\/revisions\/115517"}],"wp:featuredmedia":[{"embeddable":true,"href":"https:\/\/elinformanteperu.com\/index.php\/wp-json\/wp\/v2\/media\/115516"}],"wp:attachment":[{"href":"https:\/\/elinformanteperu.com\/index.php\/wp-json\/wp\/v2\/media?parent=115515"}],"wp:term":[{"taxonomy":"category","embeddable":true,"href":"https:\/\/elinformanteperu.com\/index.php\/wp-json\/wp\/v2\/categories?post=115515"},{"taxonomy":"post_tag","embeddable":true,"href":"https:\/\/elinformanteperu.com\/index.php\/wp-json\/wp\/v2\/tags?post=115515"}],"curies":[{"name":"wp","href":"https:\/\/api.w.org\/{rel}","templated":true}]}}