{"id":115512,"date":"2022-06-19T14:04:11","date_gmt":"2022-06-19T19:04:11","guid":{"rendered":"https:\/\/elinformanteperu.com\/?p=115512"},"modified":"2022-06-19T14:04:11","modified_gmt":"2022-06-19T19:04:11","slug":"ministro-senmache-trabajando-juntos-haremos-correr-a-la-delincuencia","status":"publish","type":"post","link":"https:\/\/elinformanteperu.com\/index.php\/2022\/06\/19\/ministro-senmache-trabajando-juntos-haremos-correr-a-la-delincuencia\/","title":{"rendered":"Ministro Senmache: Trabajando juntos haremos correr a la delincuencia"},"content":{"rendered":"<p><strong><span style=\"color: #000000;\">Tras presidir la primera Juramentaci\u00f3n de Juntas Vecinales promovidas por el Frente Policial en Ica<\/span><\/strong><\/p>\n<p><span style=\"color: #000000;\"><strong>Lima, 19 de Junio 2022, (ANDINA).-<\/strong> El ministro del Interior, Dimitri Senmache Artola, destac\u00f3 la importancia de dejar de lado las diferencias pol\u00edticas y trabajar en conjunto, como un solo pu\u00f1o, entre autoridades y poblaci\u00f3n organizada para combatir eficazmente la delincuencia en todas sus formas.<\/span><\/p>\n<p><span style=\"color: #000000;\">Desde la regi\u00f3n Ica, donde tom\u00f3 juramento a cinco mil miembros de las Juntas Vecinales de Seguridad Ciudadana, resalt\u00f3 que una muestra de esa unidad se ve reflejada en la labor que realizan autoridades ique\u00f1as y su comunidad, en bien de la seguridad ciudadana.<\/span><\/p>\n<p><span style=\"color: #000000;\">\u201cQuiero reconocer el trabajo de cada una de las autoridades que tiene la regi\u00f3n Ica, porque han hecho a un lado las diferencias pol\u00edticas, de partidos, y solamente ha importado la regi\u00f3n, la ciudadan\u00eda. As\u00ed se tiene que comportar un Estado, una naci\u00f3n\u201d, enfatiz\u00f3.<\/span><\/p>\n<p><span style=\"color: #000000;\">Senmache Artola reafirm\u00f3, adem\u00e1s, que la lucha contra la inseguridad ciudadana, como objetivo nacional, no es una responsabilidad exclusiva de la Polic\u00eda Nacional del Per\u00fa (PNP), sino tambi\u00e9n de las autoridades regionales, locales y todos los poderes del Estado.<\/span><\/p>\n<p><span style=\"color: #000000;\">En ese sentido, refiri\u00f3 que solo se podr\u00e1 avanzar en ese gran objetivo con el compromiso y participaci\u00f3n directa de los poderes Ejecutivo, Legislativo y Judicial, as\u00ed como de organismos aut\u00f3nomos vinculados con esta lucha frontal, como el Ministerio P\u00fablico.<\/span><\/p>\n<p><span style=\"color: #000000;\">A ello se debe sumar la labor comprometida de la sociedad civil, tal como lo demuestran a diario las juntas vecinales de todo el pa\u00eds, que son \u201clos ojos y o\u00eddos\u201d de la PNP en la comunidad, y contribuyen con la misi\u00f3n de cerrarle espacios a la delincuencia, agreg\u00f3.<\/span><\/p>\n<p><span style=\"color: #000000;\">\u201cYa no podemos corrernos de la delincuencia. Ahora nosotros haremos correr a la delincuencia, haremos que vuelvan al lugar de donde salieron. Eso es lo que vamos a lograr si es que mantenemos el trabajo en conjunto\u201d, asever\u00f3 el titular del Interior.<\/span><\/p>\n<p><span style=\"color: #000000;\">En la ceremonia de juramentaci\u00f3n de estas nuevas juntas vecinales, celebrada en el coliseo del colegio San Luis Gonzaga de Ica, tambi\u00e9n particip\u00f3 el viceministro de Orden Interno del Ministerio del Interior (Mininter), Mart\u00edn Parra.<\/span><\/p>\n<p><span style=\"color: #000000;\">Adem\u00e1s, asistieron el jefe de Estado Mayor de la PNP, Tnte. Gral. Ra\u00fal del Castillo; el jefe del Frente Policial Ica, Gral. PNP Aldo Mu\u00f1oz; as\u00ed como el gobernador regional de Ica, Javier Gallegos; el congresista Jorge Marticorena; entre otras autoridades.<\/span><\/p>\n<p><span style=\"color: #000000;\">Las Juntas Vecinales de Seguridad Ciudadana son organizaciones sociales de base, promovidas por la PNP e integradas por vecinos de una comunidad, con la misi\u00f3n de contribuir con la seguridad ciudadana, mediante un trabajo voluntario y participativo.<\/span><\/p>\n<p><span style=\"color: #000000;\">Sus integrantes brindan apoyo a las Oficinas de Participaci\u00f3n Ciudadana de diferentes comisar\u00edas del pa\u00eds en actividades de coordinaci\u00f3n, prevenci\u00f3n y proyecci\u00f3n social, adem\u00e1s de brindar informaci\u00f3n que permita reforzar la seguridad en su localidad.<\/span><\/p>\n","protected":false},"excerpt":{"rendered":"<p>Tras presidir la primera Juramentaci\u00f3n de Juntas Vecinales promovidas por el Frente Policial en Ica Lima, 19 de Junio 2022, (ANDINA).- El ministro del Interior, Dimitri Senmache Artola, destac\u00f3 la importancia de dejar de lado las diferencias pol\u00edticas y trabajar en conjunto, como un solo pu\u00f1o, entre autoridades y poblaci\u00f3n organizada para combatir eficazmente la [&hellip;]<\/p>\n","protected":false},"author":1,"featured_media":115513,"comment_status":"closed","ping_status":"closed","sticky":false,"template":"","format":"standard","meta":{"rop_custom_images_group":[],"rop_custom_messages_group":[],"rop_publish_now":"initial","rop_publish_now_accounts":[],"rop_publish_now_history":[],"rop_publish_now_status":"pending","footnotes":""},"categories":[5],"tags":[401,280],"class_list":["post-115512","post","type-post","status-publish","format-standard","has-post-thumbnail","hentry","category-actualidad-informativa","tag-mininter","tag-ministerio-del-interior"],"_links":{"self":[{"href":"https:\/\/elinformanteperu.com\/index.php\/wp-json\/wp\/v2\/posts\/115512","targetHints":{"allow":["GET"]}}],"collection":[{"href":"https:\/\/elinformanteperu.com\/index.php\/wp-json\/wp\/v2\/posts"}],"about":[{"href":"https:\/\/elinformanteperu.com\/index.php\/wp-json\/wp\/v2\/types\/post"}],"author":[{"embeddable":true,"href":"https:\/\/elinformanteperu.com\/index.php\/wp-json\/wp\/v2\/users\/1"}],"replies":[{"embeddable":true,"href":"https:\/\/elinformanteperu.com\/index.php\/wp-json\/wp\/v2\/comments?post=115512"}],"version-history":[{"count":1,"href":"https:\/\/elinformanteperu.com\/index.php\/wp-json\/wp\/v2\/posts\/115512\/revisions"}],"predecessor-version":[{"id":115514,"href":"https:\/\/elinformanteperu.com\/index.php\/wp-json\/wp\/v2\/posts\/115512\/revisions\/115514"}],"wp:featuredmedia":[{"embeddable":true,"href":"https:\/\/elinformanteperu.com\/index.php\/wp-json\/wp\/v2\/media\/115513"}],"wp:attachment":[{"href":"https:\/\/elinformanteperu.com\/index.php\/wp-json\/wp\/v2\/media?parent=115512"}],"wp:term":[{"taxonomy":"category","embeddable":true,"href":"https:\/\/elinformanteperu.com\/index.php\/wp-json\/wp\/v2\/categories?post=115512"},{"taxonomy":"post_tag","embeddable":true,"href":"https:\/\/elinformanteperu.com\/index.php\/wp-json\/wp\/v2\/tags?post=115512"}],"curies":[{"name":"wp","href":"https:\/\/api.w.org\/{rel}","templated":true}]}}