{"id":115502,"date":"2022-06-19T13:54:16","date_gmt":"2022-06-19T18:54:16","guid":{"rendered":"https:\/\/elinformanteperu.com\/?p=115502"},"modified":"2022-06-19T13:54:16","modified_gmt":"2022-06-19T18:54:16","slug":"ministro-salas-gabinete-no-se-entrampara-en-peleas-ni-conflictos","status":"publish","type":"post","link":"https:\/\/elinformanteperu.com\/index.php\/2022\/06\/19\/ministro-salas-gabinete-no-se-entrampara-en-peleas-ni-conflictos\/","title":{"rendered":"Ministro Salas: Gabinete no se entrampar\u00e1 en peleas ni conflictos"},"content":{"rendered":"<p><span style=\"color: #000000;\"><strong>Lima, 19 de Junio 2022, (ANDINA).-<\/strong> El gabinete ministerial sigue trabajando para todos los peruanos, sin entramparse en peleas ni conflictos, afirm\u00f3 el ministro de Cultura, Alejandro Salas.<\/span><\/p>\n<p><span style=\"color: #000000;\">Durante la sesi\u00f3n de Consejo de Ministros Descentralizado realizado en Tacna, indic\u00f3 que \u00abpara el gobierno del presidente Pedro Castillo no existe confrontaci\u00f3n que pueda detener el \u00e1nimo de \u00e9l y todo su gabinete de seguir trabajando para ustedes y por ustedes\u201d.<\/span><\/p>\n<p><span style=\"color: #000000;\">\u201cEse es el \u00e1nimo de este gobierno: no entramparse en peleas ni en conflictos\u00bb, manifest\u00f3.<\/span><\/p>\n<p><span style=\"color: #000000;\">Salas se\u00f1al\u00f3 que los enemigos del gobierno son el hambre, la pobreza y la crisis econ\u00f3mica, por lo que las instituciones deben trabajar unidas en contra de ellos.<\/span><\/p>\n<p><span style=\"color: #000000;\">En ese punto, consider\u00f3 que existe una crisis institucional en el pa\u00eds, evidenciada en el arrinconamiento que desde diferentes organismos se le hace al Poder Ejecutivo, a trav\u00e9s de las figuras del presidente y de los ministros.<\/span><\/p>\n<p><span style=\"color: #000000;\">De otro lado, Salas propuso que todos los miembros del gabinete ministerial participen en la Procesi\u00f3n de la Bandera, que cada 28 de agosto se lleva a cabo en Tacna.<\/span><\/p>\n","protected":false},"excerpt":{"rendered":"<p>Lima, 19 de Junio 2022, (ANDINA).- El gabinete ministerial sigue trabajando para todos los peruanos, sin entramparse en peleas ni conflictos, afirm\u00f3 el ministro de Cultura, Alejandro Salas. Durante la sesi\u00f3n de Consejo de Ministros Descentralizado realizado en Tacna, indic\u00f3 que \u00abpara el gobierno del presidente Pedro Castillo no existe confrontaci\u00f3n que pueda detener el [&hellip;]<\/p>\n","protected":false},"author":1,"featured_media":115503,"comment_status":"closed","ping_status":"closed","sticky":false,"template":"","format":"standard","meta":{"rop_custom_images_group":[],"rop_custom_messages_group":[],"rop_publish_now":"initial","rop_publish_now_accounts":[],"rop_publish_now_history":[],"rop_publish_now_status":"pending","footnotes":""},"categories":[5],"tags":[7005,105],"class_list":["post-115502","post","type-post","status-publish","format-standard","has-post-thumbnail","hentry","category-actualidad-informativa","tag-alejandro-salas-zegarra","tag-ministerio-de-cultura"],"_links":{"self":[{"href":"https:\/\/elinformanteperu.com\/index.php\/wp-json\/wp\/v2\/posts\/115502","targetHints":{"allow":["GET"]}}],"collection":[{"href":"https:\/\/elinformanteperu.com\/index.php\/wp-json\/wp\/v2\/posts"}],"about":[{"href":"https:\/\/elinformanteperu.com\/index.php\/wp-json\/wp\/v2\/types\/post"}],"author":[{"embeddable":true,"href":"https:\/\/elinformanteperu.com\/index.php\/wp-json\/wp\/v2\/users\/1"}],"replies":[{"embeddable":true,"href":"https:\/\/elinformanteperu.com\/index.php\/wp-json\/wp\/v2\/comments?post=115502"}],"version-history":[{"count":1,"href":"https:\/\/elinformanteperu.com\/index.php\/wp-json\/wp\/v2\/posts\/115502\/revisions"}],"predecessor-version":[{"id":115504,"href":"https:\/\/elinformanteperu.com\/index.php\/wp-json\/wp\/v2\/posts\/115502\/revisions\/115504"}],"wp:featuredmedia":[{"embeddable":true,"href":"https:\/\/elinformanteperu.com\/index.php\/wp-json\/wp\/v2\/media\/115503"}],"wp:attachment":[{"href":"https:\/\/elinformanteperu.com\/index.php\/wp-json\/wp\/v2\/media?parent=115502"}],"wp:term":[{"taxonomy":"category","embeddable":true,"href":"https:\/\/elinformanteperu.com\/index.php\/wp-json\/wp\/v2\/categories?post=115502"},{"taxonomy":"post_tag","embeddable":true,"href":"https:\/\/elinformanteperu.com\/index.php\/wp-json\/wp\/v2\/tags?post=115502"}],"curies":[{"name":"wp","href":"https:\/\/api.w.org\/{rel}","templated":true}]}}