{"id":115496,"date":"2022-06-19T13:48:00","date_gmt":"2022-06-19T18:48:00","guid":{"rendered":"https:\/\/elinformanteperu.com\/?p=115496"},"modified":"2022-06-19T13:48:00","modified_gmt":"2022-06-19T18:48:00","slug":"presidente-pedro-castillo-anuncia-realizacion-de-nuevo-censo-nacional","status":"publish","type":"post","link":"https:\/\/elinformanteperu.com\/index.php\/2022\/06\/19\/presidente-pedro-castillo-anuncia-realizacion-de-nuevo-censo-nacional\/","title":{"rendered":"Presidente Pedro Castillo anuncia realizaci\u00f3n de nuevo censo nacional"},"content":{"rendered":"<p><strong><span style=\"color: #000000;\">Mandatario reitera llamado a la unidad y su voluntad de colaborar con la justicia<\/span><\/strong><\/p>\n<p><span style=\"color: #000000;\"><strong>Lima, 19 de Junio 2022, (ANDINA).-<\/strong> El presidente de la Rep\u00fablica, Pedro Castillo, anunci\u00f3 la realizaci\u00f3n de un nuevo censo nacional a fin de actualizar los datos sobre los sectores m\u00e1s necesitados.<\/span><\/p>\n<p><span style=\"color: #000000;\">\u201cEstamos en la obligaci\u00f3n de transparentar\u201d, se\u00f1al\u00f3 el mandatario, durante la clausura de la sesi\u00f3n descentralizada del Consejo de Ministros, desarrollada en Tacna.<\/span><\/p>\n<p><span style=\"color: #000000;\">Se\u00f1al\u00f3 que la falta de actualizaci\u00f3n de datos hace que \u201cpor m\u00e1s que hagan esfuerzo los sectores\u201d, los recursos no llegan a quienes deber\u00edan llegar. Esto ocurre pese a que se cuenta con presupuesto para ello, indic\u00f3.<\/span><\/p>\n<p><span style=\"color: #000000;\">El jefe del Estado se\u00f1al\u00f3 que se iniciar\u00e1 el desarrollo de este censo tras la culminaci\u00f3n de las sesiones descentralizadas del gabinete ministerial; reuniones en las que se ha constatado las necesidades de diversos sectores, dijo.<\/span><\/p>\n<p><span style=\"color: #000000;\">Castillo adelant\u00f3 que el martes 21 de junio se desarrollar\u00e1 una nueva sesi\u00f3n ministerial en Arequipa. \u201cLuego, en \u00c1ncash, terminaremos con los consejos de ministros descentralizados\u201d, a\u00f1adi\u00f3.<\/span><\/p>\n<p><strong><span style=\"color: #000000;\">Sobre interrogatorio<\/span><\/strong><\/p>\n<p><span style=\"color: #000000;\">En su alocuci\u00f3n, el presidente de la Rep\u00fablica aludi\u00f3 al interrogatorio que se le hizo ayer en la Fiscal\u00eda de la Naci\u00f3n, y dijo que su presencia en este da muestra de \u201cmi voluntad de colaborar con la justicia\u201d.<\/span><\/p>\n<p><span style=\"color: #000000;\">En otro momento de su discurso, consider\u00f3 que en estas denuncias se ha tratado de involucrar a sus hijos, a sus padres y a los estudios que ha hecho.<\/span><\/p>\n<p><span style=\"color: #000000;\">Dijo que estas situaciones no lo han llevado a variar su posici\u00f3n a favor de la unidad del pa\u00eds para afrontar los grandes problemas nacionales, sobre todo el de la seguridad alimentaria. \u201cDejemos de lado rencillas y temas in\u00fatiles\u201d, invoc\u00f3.<\/span><\/p>\n<p><strong><span style=\"color: #000000;\">Gabinete binacional<\/span><\/strong><\/p>\n<p><span style=\"color: #000000;\">El mandatario exhort\u00f3 a la ciudadan\u00eda de Tacna a organizarse para canalizar sus peticiones y necesidades al gobierno, a fin de llevar estas a la sesi\u00f3n del gabinete binacional Per\u00fa &#8211; Chile que se desarrollar\u00e1 dentro de algunos meses en Punta Arenas, ciudad del pa\u00eds sure\u00f1o.<\/span><\/p>\n<p><span style=\"color: #000000;\">Se\u00f1al\u00f3 que en el encuentro que tuvo con su hom\u00f3logo chileno Gabriel Boric, durante la Cumbre de las Am\u00e9ricas, dialogaron al respecto, pues el presidente de Chile tiene una agenda de temas importantes para la zona fronteriza com\u00fan.<\/span><\/p>\n","protected":false},"excerpt":{"rendered":"<p>Mandatario reitera llamado a la unidad y su voluntad de colaborar con la justicia Lima, 19 de Junio 2022, (ANDINA).- El presidente de la Rep\u00fablica, Pedro Castillo, anunci\u00f3 la realizaci\u00f3n de un nuevo censo nacional a fin de actualizar los datos sobre los sectores m\u00e1s necesitados. \u201cEstamos en la obligaci\u00f3n de transparentar\u201d, se\u00f1al\u00f3 el mandatario, [&hellip;]<\/p>\n","protected":false},"author":1,"featured_media":115497,"comment_status":"closed","ping_status":"closed","sticky":false,"template":"","format":"standard","meta":{"rop_custom_images_group":[],"rop_custom_messages_group":[],"rop_publish_now":"initial","rop_publish_now_accounts":[],"rop_publish_now_history":[],"rop_publish_now_status":"pending","footnotes":""},"categories":[5],"tags":[2092],"class_list":["post-115496","post","type-post","status-publish","format-standard","has-post-thumbnail","hentry","category-actualidad-informativa","tag-pedro-castillo"],"_links":{"self":[{"href":"https:\/\/elinformanteperu.com\/index.php\/wp-json\/wp\/v2\/posts\/115496","targetHints":{"allow":["GET"]}}],"collection":[{"href":"https:\/\/elinformanteperu.com\/index.php\/wp-json\/wp\/v2\/posts"}],"about":[{"href":"https:\/\/elinformanteperu.com\/index.php\/wp-json\/wp\/v2\/types\/post"}],"author":[{"embeddable":true,"href":"https:\/\/elinformanteperu.com\/index.php\/wp-json\/wp\/v2\/users\/1"}],"replies":[{"embeddable":true,"href":"https:\/\/elinformanteperu.com\/index.php\/wp-json\/wp\/v2\/comments?post=115496"}],"version-history":[{"count":1,"href":"https:\/\/elinformanteperu.com\/index.php\/wp-json\/wp\/v2\/posts\/115496\/revisions"}],"predecessor-version":[{"id":115498,"href":"https:\/\/elinformanteperu.com\/index.php\/wp-json\/wp\/v2\/posts\/115496\/revisions\/115498"}],"wp:featuredmedia":[{"embeddable":true,"href":"https:\/\/elinformanteperu.com\/index.php\/wp-json\/wp\/v2\/media\/115497"}],"wp:attachment":[{"href":"https:\/\/elinformanteperu.com\/index.php\/wp-json\/wp\/v2\/media?parent=115496"}],"wp:term":[{"taxonomy":"category","embeddable":true,"href":"https:\/\/elinformanteperu.com\/index.php\/wp-json\/wp\/v2\/categories?post=115496"},{"taxonomy":"post_tag","embeddable":true,"href":"https:\/\/elinformanteperu.com\/index.php\/wp-json\/wp\/v2\/tags?post=115496"}],"curies":[{"name":"wp","href":"https:\/\/api.w.org\/{rel}","templated":true}]}}