{"id":115493,"date":"2022-06-19T13:44:56","date_gmt":"2022-06-19T18:44:56","guid":{"rendered":"https:\/\/elinformanteperu.com\/?p=115493"},"modified":"2022-06-19T13:44:56","modified_gmt":"2022-06-19T18:44:56","slug":"elecciones-2022-jne-fiscalizo-presentacion-de-diseno-de-cedula-de-sufragio","status":"publish","type":"post","link":"https:\/\/elinformanteperu.com\/index.php\/2022\/06\/19\/elecciones-2022-jne-fiscalizo-presentacion-de-diseno-de-cedula-de-sufragio\/","title":{"rendered":"Elecciones 2022: JNE fiscaliz\u00f3 presentaci\u00f3n de dise\u00f1o de c\u00e9dula de sufragio"},"content":{"rendered":"<p><strong><span style=\"color: #000000;\">Asimismo, los instructivos para sorteos de ubicaci\u00f3n de las organizaciones<\/span><\/strong><\/p>\n<p><span style=\"color: #000000;\"><strong>Lima, 19 de Junio 2022, (ANDINA).-<\/strong> El Jurado Nacional de Elecciones (JNE) fiscaliz\u00f3 la jornada de presentaci\u00f3n del dise\u00f1o de la c\u00e9dula de sufragio y las instrucciones para los sorteos de ubicaci\u00f3n de las organizaciones pol\u00edticas en dicho material electoral, el mismo que ser\u00e1 empleado en las Elecciones Regionales y Municipales 2022.<\/span><\/p>\n<p><span style=\"color: #000000;\">En un acto p\u00fablico, realizado en el auditorio de la sede central de la Oficina Nacional de Procesos Electorales (ONPE), un equipo de fiscalizadores, liderados por el ingeniero Alberto Kuroiwa, supervis\u00f3 el detalle de las especificaciones t\u00e9cnicas que contendr\u00eda la c\u00e9dula de sufragio para el proceso electoral en curso.<\/span><\/p>\n<p><span style=\"color: #000000;\">Para el caso de elecciones regionales, el dise\u00f1o de la c\u00e9dula de sufragio que se mostr\u00f3 presentaba dos cuerpos: Gobernador-Vicegobernador Regional y Consejero Regional. Tendr\u00eda 21 cent\u00edmetros de largo por 24 cent\u00edmetros de ancho y, de acuerdo al n\u00famero de organizaciones pol\u00edticas que se presenten, el largo se incrementar\u00eda proporcionalmente hasta un m\u00e1ximo de 26 cent\u00edmetros.<\/span><\/p>\n<p><span style=\"color: #000000;\">Tambi\u00e9n los fiscalizadores comprobaron que en el dise\u00f1o de las c\u00e9dulas de sufragio para elecci\u00f3n de Gobernador y Vicegobernador Regional se incluye solo la fotograf\u00eda de los candidatos a gobernador regional, adicionalmente al s\u00edmbolo de la organizaci\u00f3n pol\u00edtica por la que se presenta.<\/span><\/p>\n<p><span style=\"color: #000000;\">En relaci\u00f3n al dise\u00f1o de la c\u00e9dula de sufragio municipal provincial, el equipo del JNE verific\u00f3 que en las especificaciones de este documento se detallan las dimensiones de 15 cent\u00edmetros de largo por 21 cent\u00edmetros de ancho, en formato horizontal, cuando incluya de una a cinco organizaciones pol\u00edticas.<\/span><\/p>\n<p><span style=\"color: #000000;\">A partir de seis organizaciones pol\u00edticas, la c\u00e9dula ser\u00eda de formato vertical y el tama\u00f1o m\u00ednimo ser\u00e1 de 21 cent\u00edmetros de largo por 15 cent\u00edmetros de ancho. El ancho se mantendr\u00eda constante y, de acuerdo al n\u00famero de organizaciones pol\u00edticas que se presenten, el largo se incrementar\u00eda proporcionalmente hasta un m\u00e1ximo de 32 cent\u00edmetros.<\/span><\/p>\n<p><span style=\"color: #000000;\">Asimismo, la c\u00e9dula de sufragio municipal provincial-distrital tendr\u00eda 21 cent\u00edmetros de largo por 24 cent\u00edmetros de ancho y, de acuerdo al n\u00famero de organizaciones pol\u00edticas que se presenten, el largo se incrementar\u00eda proporcionalmente hasta un m\u00e1ximo de 32 cent\u00edmetros.<\/span><\/p>\n<p><span style=\"color: #000000;\">Igualmente, seg\u00fan el dise\u00f1o presentado la c\u00e9dula de sufragio para una eventual segunda elecci\u00f3n para Gobernador y Vicegobernador Regional tendr\u00eda 15 cent\u00edmetros de largo y 21 cent\u00edmetros de ancho. Los fiscalizadores tambi\u00e9n observaron que el dise\u00f1o de la c\u00e9dula contenga las indicaciones para los miembros de mesa y los personeros.<\/span><\/p>\n<p><strong><span style=\"color: #000000;\">Sorteo de ubicaciones<\/span><\/strong><\/p>\n<p><span style=\"color: #000000;\">Los fiscalizadores verificaron, adem\u00e1s, el contenido de la Resoluci\u00f3n Jefatural 002154-2022-JN\/ONPE por la cual se aprobaron las instrucciones para los sorteos de ubicaci\u00f3n de las organizaciones pol\u00edticas en la c\u00e9dula de sufragio de las ERM 2022, as\u00ed como para el sorteo de ubicaci\u00f3n de las f\u00f3rmulas de candidatos en la c\u00e9dula de sufragio para la segunda elecci\u00f3n de gobernador y vicegobernador regional.<\/span><\/p>\n<p><span style=\"color: #000000;\">De acuerdo a informaci\u00f3n recogida, el sorteo de ubicaci\u00f3n de los partidos pol\u00edticos est\u00e1 previsto para el martes 9 de agosto, en la sede central de la ONPE, y en las ODPE ubicadas en las capitales de regi\u00f3n para el caso de los movimientos regionales. En el sorteo ser\u00e1n consideradas todas las organizaciones con inscripci\u00f3n vigente y que han presentado listas de candidatos ante los jurados electorales especiales.<\/span><\/p>\n","protected":false},"excerpt":{"rendered":"<p>Asimismo, los instructivos para sorteos de ubicaci\u00f3n de las organizaciones Lima, 19 de Junio 2022, (ANDINA).- El Jurado Nacional de Elecciones (JNE) fiscaliz\u00f3 la jornada de presentaci\u00f3n del dise\u00f1o de la c\u00e9dula de sufragio y las instrucciones para los sorteos de ubicaci\u00f3n de las organizaciones pol\u00edticas en dicho material electoral, el mismo que ser\u00e1 empleado [&hellip;]<\/p>\n","protected":false},"author":1,"featured_media":115494,"comment_status":"closed","ping_status":"closed","sticky":false,"template":"","format":"standard","meta":{"rop_custom_images_group":[],"rop_custom_messages_group":[],"rop_publish_now":"initial","rop_publish_now_accounts":[],"rop_publish_now_history":[],"rop_publish_now_status":"pending","footnotes":""},"categories":[5],"tags":[184,185],"class_list":["post-115493","post","type-post","status-publish","format-standard","has-post-thumbnail","hentry","category-actualidad-informativa","tag-jne","tag-jurado-nacional-de-elecciones"],"_links":{"self":[{"href":"https:\/\/elinformanteperu.com\/index.php\/wp-json\/wp\/v2\/posts\/115493","targetHints":{"allow":["GET"]}}],"collection":[{"href":"https:\/\/elinformanteperu.com\/index.php\/wp-json\/wp\/v2\/posts"}],"about":[{"href":"https:\/\/elinformanteperu.com\/index.php\/wp-json\/wp\/v2\/types\/post"}],"author":[{"embeddable":true,"href":"https:\/\/elinformanteperu.com\/index.php\/wp-json\/wp\/v2\/users\/1"}],"replies":[{"embeddable":true,"href":"https:\/\/elinformanteperu.com\/index.php\/wp-json\/wp\/v2\/comments?post=115493"}],"version-history":[{"count":1,"href":"https:\/\/elinformanteperu.com\/index.php\/wp-json\/wp\/v2\/posts\/115493\/revisions"}],"predecessor-version":[{"id":115495,"href":"https:\/\/elinformanteperu.com\/index.php\/wp-json\/wp\/v2\/posts\/115493\/revisions\/115495"}],"wp:featuredmedia":[{"embeddable":true,"href":"https:\/\/elinformanteperu.com\/index.php\/wp-json\/wp\/v2\/media\/115494"}],"wp:attachment":[{"href":"https:\/\/elinformanteperu.com\/index.php\/wp-json\/wp\/v2\/media?parent=115493"}],"wp:term":[{"taxonomy":"category","embeddable":true,"href":"https:\/\/elinformanteperu.com\/index.php\/wp-json\/wp\/v2\/categories?post=115493"},{"taxonomy":"post_tag","embeddable":true,"href":"https:\/\/elinformanteperu.com\/index.php\/wp-json\/wp\/v2\/tags?post=115493"}],"curies":[{"name":"wp","href":"https:\/\/api.w.org\/{rel}","templated":true}]}}