{"id":115282,"date":"2022-06-07T20:24:38","date_gmt":"2022-06-08T01:24:38","guid":{"rendered":"https:\/\/elinformanteperu.com\/?p=115282"},"modified":"2022-06-07T20:24:38","modified_gmt":"2022-06-08T01:24:38","slug":"mira-aqui-el-video-donde-luis-fonsi-alienta-a-seleccion-peruana","status":"publish","type":"post","link":"https:\/\/elinformanteperu.com\/index.php\/2022\/06\/07\/mira-aqui-el-video-donde-luis-fonsi-alienta-a-seleccion-peruana\/","title":{"rendered":"Mira aqu\u00ed el video donde Luis Fonsi alienta a selecci\u00f3n peruana"},"content":{"rendered":"<p><span style=\"color: #000000;\"><strong>Lima, 07 de Junio 2022, (ANDINA).-<\/strong> El int\u00e9rprete Luis Fonsi grab\u00f3 en un video donde expresa sus mejores deseos para que la selecci\u00f3n peruana salga victoriosa en el encuentro deportivo que se vivir\u00e1 el pr\u00f3ximo 13 de junio para definir su pase al mundial Qatar 2022.<\/span><\/p>\n<p><span style=\"color: #000000;\">El artista, enterado que llega a Lima en medio de la algarab\u00eda deportiva, hizo un alto en su gira para enviar sus buenos deseos cargado no solo de un mensaje positivo, sino de gran energ\u00eda para el seleccionado peruano.<\/span><\/p>\n<p><span style=\"color: #000000;\">\u201cLuis Fonsi por ac\u00e1, dese\u00e1ndole muchos \u00e9xitos a la selecci\u00f3n de Per\u00fa, muchos \u00e9xitos mi gente linda\u201d, declar\u00f3 emocionado.<\/span><\/p>\n<p><span style=\"color: #000000;\">La \u00faltima presentaci\u00f3n que ofreci\u00f3 el m\u00fasico en nuestro pa\u00eds fue en la inauguraci\u00f3n de los XVIII Juegos Panamericanos Lima 2019, donde interpret\u00f3 uno de sus temas junto a la cantante peruana Leslie Shaw.<\/span><\/p>\n<p><span style=\"color: #000000;\">Tres a\u00f1os despu\u00e9s, el int\u00e9rprete de \u00abNo me doy por vencido\u00bb llega en un inmejorable momento de su carrera con \u00e9xitos como \u00abDespacito\u00bb, \u00ab\u00c9chame la culpa\u00bb y \u00abLlegaste t\u00fa\u00bb y con su nuevo \u00e1lbum titulado \u00abLey De Gravedad\u00bb, el cual logr\u00f3 m\u00e1s de 1 bill\u00f3n de escuchas antes del lanzamiento oficial.<\/span><\/p>\n<p><span style=\"color: #000000;\">Ese \u00e1lbum cont\u00f3 con colaboraciones de Nicky Jam, Farruko, Rauw Alejandro, Myke Towers, Sebasti\u00e1n Yatra, Cali y El Dandee y Manuel Turizo.<\/span><\/p>\n<p><span style=\"color: #000000;\">Luis Fonsi, adem\u00e1s ganador del Grammy y de m\u00faltiples discos de oro, llegar\u00e1 a Lima como parte de la gira \u00abLa Noche Perfecta\u00bb este 15 de junio en el Arena Per\u00fa. Las entradas est\u00e1n a la venta en la plataforma de Teleticket.<\/span><\/p>\n<p><iframe title=\"YouTube video player\" src=\"https:\/\/www.youtube-nocookie.com\/embed\/jDdCwL3zhAo?controls=0\" width=\"520\" height=\"315\" frameborder=\"0\" allowfullscreen=\"allowfullscreen\"><span data-mce-type=\"bookmark\" style=\"display: inline-block; width: 0px; overflow: hidden; line-height: 0;\" class=\"mce_SELRES_start\">\ufeff<\/span><\/iframe><\/p>\n","protected":false},"excerpt":{"rendered":"<p>Lima, 07 de Junio 2022, (ANDINA).- El int\u00e9rprete Luis Fonsi grab\u00f3 en un video donde expresa sus mejores deseos para que la selecci\u00f3n peruana salga victoriosa en el encuentro deportivo que se vivir\u00e1 el pr\u00f3ximo 13 de junio para definir su pase al mundial Qatar 2022. El artista, enterado que llega a Lima en medio [&hellip;]<\/p>\n","protected":false},"author":1,"featured_media":115283,"comment_status":"closed","ping_status":"closed","sticky":false,"template":"","format":"standard","meta":{"rop_custom_images_group":[],"rop_custom_messages_group":[],"rop_publish_now":"initial","rop_publish_now_accounts":[],"rop_publish_now_history":[],"rop_publish_now_status":"pending","footnotes":""},"categories":[69],"tags":[1414],"class_list":["post-115282","post","type-post","status-publish","format-standard","has-post-thumbnail","hentry","category-musica","tag-luis-fonsi"],"_links":{"self":[{"href":"https:\/\/elinformanteperu.com\/index.php\/wp-json\/wp\/v2\/posts\/115282","targetHints":{"allow":["GET"]}}],"collection":[{"href":"https:\/\/elinformanteperu.com\/index.php\/wp-json\/wp\/v2\/posts"}],"about":[{"href":"https:\/\/elinformanteperu.com\/index.php\/wp-json\/wp\/v2\/types\/post"}],"author":[{"embeddable":true,"href":"https:\/\/elinformanteperu.com\/index.php\/wp-json\/wp\/v2\/users\/1"}],"replies":[{"embeddable":true,"href":"https:\/\/elinformanteperu.com\/index.php\/wp-json\/wp\/v2\/comments?post=115282"}],"version-history":[{"count":1,"href":"https:\/\/elinformanteperu.com\/index.php\/wp-json\/wp\/v2\/posts\/115282\/revisions"}],"predecessor-version":[{"id":115284,"href":"https:\/\/elinformanteperu.com\/index.php\/wp-json\/wp\/v2\/posts\/115282\/revisions\/115284"}],"wp:featuredmedia":[{"embeddable":true,"href":"https:\/\/elinformanteperu.com\/index.php\/wp-json\/wp\/v2\/media\/115283"}],"wp:attachment":[{"href":"https:\/\/elinformanteperu.com\/index.php\/wp-json\/wp\/v2\/media?parent=115282"}],"wp:term":[{"taxonomy":"category","embeddable":true,"href":"https:\/\/elinformanteperu.com\/index.php\/wp-json\/wp\/v2\/categories?post=115282"},{"taxonomy":"post_tag","embeddable":true,"href":"https:\/\/elinformanteperu.com\/index.php\/wp-json\/wp\/v2\/tags?post=115282"}],"curies":[{"name":"wp","href":"https:\/\/api.w.org\/{rel}","templated":true}]}}