{"id":115279,"date":"2022-06-07T20:20:30","date_gmt":"2022-06-08T01:20:30","guid":{"rendered":"https:\/\/elinformanteperu.com\/?p=115279"},"modified":"2022-06-07T20:20:30","modified_gmt":"2022-06-08T01:20:30","slug":"christian-meier-sobre-su-regreso-a-la-musica-he-tratado-de-no-perder-mi-esencia","status":"publish","type":"post","link":"https:\/\/elinformanteperu.com\/index.php\/2022\/06\/07\/christian-meier-sobre-su-regreso-a-la-musica-he-tratado-de-no-perder-mi-esencia\/","title":{"rendered":"Christian Meier sobre su regreso a la m\u00fasica: \u00abHe tratado de no perder mi esencia\u00bb"},"content":{"rendered":"<p><span style=\"color: #000000;\"><strong>Lima, 07 de Junio 2022, (ANDINA).-<\/strong> Christian Meier regresa con \u00abDeja V\u00fa\u00bb, un sencillo que abre su regreso a la m\u00fasica; iniciativa que naci\u00f3 en la pandemia cuando regres\u00f3 a su pasi\u00f3n en medio del confinamiento.<\/span><\/p>\n<p><span style=\"color: #000000;\">Meier cont\u00f3 que durante los tiempos pand\u00e9micos y en casa se conect\u00f3 con su banda \u00abla pandemia nos hizo tratar de buscar cualquier tipo de entretenimiento. Nos conectamos con mi banda cada uno desde su casa <\/span><span style=\"color: #000000;\">y grabamos temas m\u00edos, que ya conoc\u00edamos. Incluso hice unos videos y pens\u00e9 en editarlos para la gente que estaba en casa. A ra\u00edz de eso empec\u00e9 a escribir m\u00fasica nueva y as\u00ed fue el proceso que me llev\u00f3 a sacar este primer sencillo\u00bb.<\/span><\/p>\n<p><span style=\"color: #000000;\">Sobre cu\u00e1l es la esencia que trae este tema y en general su propuesta musical, el tambi\u00e9n actor se\u00f1ala que \u00abla ra\u00edz es la misma y cuando me dieron ganas de escribir m\u00fasica la premisa fue irme atr\u00e1s y a buscar qu\u00e9 fue lo que me motiv\u00f3 a escribir canciones. Empec\u00e9 en el a\u00f1o 88 con Arena Hash y ese es el peque\u00f1o dejav\u00fa; buscar de que estaban hechas mis ra\u00edces y cimientos\u00bb, sostiene Christian.<\/span><\/p>\n<p><span style=\"color: #000000;\">Este lanzamiento no implica el alejamiento de la actuaci\u00f3n \u00abtengo incluso una serie y una pel\u00edcula que ya est\u00e1n hechas\u00bb, refiere se\u00f1alando que se vienen nuevos trabajos con figuras con las que ya trabaj\u00f3 en el pasado.<\/span><\/p>\n<p><span style=\"color: #000000;\">Respecto a las motivaciones que lo llevan a escribir, el artista sostiene que \u00abescribo sobre m\u00ed, sobre las cosas que veo, sobre las cosas que me motivan, que me ponen feliz o triste. He escrito sobre mis ganas de hacer m\u00fasica, sobre gente que he conocido. He tratado de no perder la esencia\u00bb.<\/span><\/p>\n<p><span style=\"color: #000000;\">Sobre la posibilidad de grabar con otros artistas, Meier se\u00f1ala que en esta ocasi\u00f3n eso no se dar\u00e1, sin embargo no lo descarta expresando que ha tenido \u00abla posibilidad de grabar con m\u00fasicos experimentados, que tocan con artistas muy importantes, gente que admiro mucho y que le da nivel a la grabaci\u00f3n\u00bb.<\/span><\/p>\n<p><span style=\"color: #000000;\">\u00abMe gustar\u00eda en el futuro trabajar con alguien, aun no he pensado en nadie espec\u00edfico\u00bb, sostiene.<\/span><\/p>\n<p><span style=\"color: #000000;\">Sobre la posibilidad de realiza conciertos comenta que todo \u00abtiene un proceso. El p\u00fablico se va construyendo, primero estamos en este lanzamiento, luego llega el segundo tema y as\u00ed luego pensaremos en la manera de armar un espect\u00e1culo que valga la pena ver\u00bb.<\/span><\/p>\n<p><span style=\"color: #000000;\">Deja Vu es el punto de partida de un disco que saldr\u00e1 en los pr\u00f3ximos meses. El tema viene acompa\u00f1ado de un videoclip dirigido por el propio cantante; en donde participa su hijo, Stefano Meier.<\/span><\/p>\n<p><span style=\"color: #000000;\">La historia del video transcurre en las calles de Los \u00c1ngeles y el desierto de California; donde el autor y su p\u00fablico transitan por un viaje musical y visual que nos acerca a lo que el tema nos plantea.<\/span><\/p>\n<p><iframe title=\"YouTube video player\" src=\"https:\/\/www.youtube-nocookie.com\/embed\/kk9BaGvDHGI?controls=0\" width=\"520\" height=\"315\" frameborder=\"0\" allowfullscreen=\"allowfullscreen\"><span data-mce-type=\"bookmark\" style=\"display: inline-block; width: 0px; overflow: hidden; line-height: 0;\" class=\"mce_SELRES_start\">\ufeff<\/span><\/iframe><\/p>\n","protected":false},"excerpt":{"rendered":"<p>Lima, 07 de Junio 2022, (ANDINA).- Christian Meier regresa con \u00abDeja V\u00fa\u00bb, un sencillo que abre su regreso a la m\u00fasica; iniciativa que naci\u00f3 en la pandemia cuando regres\u00f3 a su pasi\u00f3n en medio del confinamiento. Meier cont\u00f3 que durante los tiempos pand\u00e9micos y en casa se conect\u00f3 con su banda \u00abla pandemia nos hizo [&hellip;]<\/p>\n","protected":false},"author":1,"featured_media":115280,"comment_status":"closed","ping_status":"closed","sticky":false,"template":"","format":"standard","meta":{"rop_custom_images_group":[],"rop_custom_messages_group":[],"rop_publish_now":"initial","rop_publish_now_accounts":[],"rop_publish_now_history":[],"rop_publish_now_status":"pending","footnotes":""},"categories":[69],"tags":[1373],"class_list":["post-115279","post","type-post","status-publish","format-standard","has-post-thumbnail","hentry","category-musica","tag-christian-meier"],"_links":{"self":[{"href":"https:\/\/elinformanteperu.com\/index.php\/wp-json\/wp\/v2\/posts\/115279","targetHints":{"allow":["GET"]}}],"collection":[{"href":"https:\/\/elinformanteperu.com\/index.php\/wp-json\/wp\/v2\/posts"}],"about":[{"href":"https:\/\/elinformanteperu.com\/index.php\/wp-json\/wp\/v2\/types\/post"}],"author":[{"embeddable":true,"href":"https:\/\/elinformanteperu.com\/index.php\/wp-json\/wp\/v2\/users\/1"}],"replies":[{"embeddable":true,"href":"https:\/\/elinformanteperu.com\/index.php\/wp-json\/wp\/v2\/comments?post=115279"}],"version-history":[{"count":1,"href":"https:\/\/elinformanteperu.com\/index.php\/wp-json\/wp\/v2\/posts\/115279\/revisions"}],"predecessor-version":[{"id":115281,"href":"https:\/\/elinformanteperu.com\/index.php\/wp-json\/wp\/v2\/posts\/115279\/revisions\/115281"}],"wp:featuredmedia":[{"embeddable":true,"href":"https:\/\/elinformanteperu.com\/index.php\/wp-json\/wp\/v2\/media\/115280"}],"wp:attachment":[{"href":"https:\/\/elinformanteperu.com\/index.php\/wp-json\/wp\/v2\/media?parent=115279"}],"wp:term":[{"taxonomy":"category","embeddable":true,"href":"https:\/\/elinformanteperu.com\/index.php\/wp-json\/wp\/v2\/categories?post=115279"},{"taxonomy":"post_tag","embeddable":true,"href":"https:\/\/elinformanteperu.com\/index.php\/wp-json\/wp\/v2\/tags?post=115279"}],"curies":[{"name":"wp","href":"https:\/\/api.w.org\/{rel}","templated":true}]}}