{"id":114563,"date":"2022-05-04T00:03:03","date_gmt":"2022-05-04T05:03:03","guid":{"rendered":"https:\/\/elinformanteperu.com\/?p=114563"},"modified":"2022-05-04T00:03:03","modified_gmt":"2022-05-04T05:03:03","slug":"congreso-aclara-que-no-invito-a-huaman-azcurra-a-homenaje-para-comandos","status":"publish","type":"post","link":"https:\/\/elinformanteperu.com\/index.php\/2022\/05\/04\/congreso-aclara-que-no-invito-a-huaman-azcurra-a-homenaje-para-comandos\/","title":{"rendered":"Congreso aclara que no invit\u00f3 a Huam\u00e1n Azcurra a homenaje para comandos"},"content":{"rendered":"<p><span style=\"color: #000000;\"><strong>Lima, 03 de Mayo 2022, (ANDINA).-<\/strong> Desde el Congreso de la Rep\u00fablica se neg\u00f3 que se haya convocado al coronel del Ej\u00e9rcito en situaci\u00f3n de retiro, Roberto Huam\u00e1n Azcurra, al homenaje realizado a los comandos que participaron en la operaci\u00f3n Chav\u00edn de Hu\u00e1ntar, al cumplirse 25 a\u00f1os de esta.<\/span><\/p>\n<p><span style=\"color: #000000;\">Mediante un comunicado, el Poder Legislativo precis\u00f3 que \u201cno invit\u00f3, recibi\u00f3 o reconoci\u00f3\u201d al mencionado personaje, cuestionado por su vinculaci\u00f3n a Vladimiro Montesinos, cuando este era el asesor principal del gobierno de Alberto Fujimori.<\/span><\/p>\n<p><span style=\"color: #000000;\">En ese sentido, el Parlamento Nacional hizo una invocaci\u00f3n a que la prensa de cuenta de hechos confirmados.<\/span><\/p>\n<p><span style=\"color: #000000;\">\u201cInvocamos a los medios de comunicaci\u00f3n a informar con estricto apego a la realidad de los hechos\u201d, se indica en el comunicado.<\/span><\/p>\n<p><span style=\"color: #000000;\">En la v\u00edspera, versiones period\u00edsticas dieron cuenta de que en la ceremonia de homenaje a los comandos participantes en el rescate de los rehenes tomados por el MRTA en la residencia del embajador japon\u00e9s en Lima, estuvo presente Huam\u00e1n.<\/span><\/p>\n","protected":false},"excerpt":{"rendered":"<p>Lima, 03 de Mayo 2022, (ANDINA).- Desde el Congreso de la Rep\u00fablica se neg\u00f3 que se haya convocado al coronel del Ej\u00e9rcito en situaci\u00f3n de retiro, Roberto Huam\u00e1n Azcurra, al homenaje realizado a los comandos que participaron en la operaci\u00f3n Chav\u00edn de Hu\u00e1ntar, al cumplirse 25 a\u00f1os de esta. Mediante un comunicado, el Poder Legislativo [&hellip;]<\/p>\n","protected":false},"author":1,"featured_media":114564,"comment_status":"closed","ping_status":"closed","sticky":false,"template":"","format":"standard","meta":{"rop_custom_images_group":[],"rop_custom_messages_group":[],"rop_publish_now":"initial","rop_publish_now_accounts":[],"rop_publish_now_history":[],"rop_publish_now_status":"pending","footnotes":""},"categories":[5],"tags":[192,7137],"class_list":["post-114563","post","type-post","status-publish","format-standard","has-post-thumbnail","hentry","category-actualidad-informativa","tag-congreso","tag-roberto-huaman-azcurra"],"_links":{"self":[{"href":"https:\/\/elinformanteperu.com\/index.php\/wp-json\/wp\/v2\/posts\/114563","targetHints":{"allow":["GET"]}}],"collection":[{"href":"https:\/\/elinformanteperu.com\/index.php\/wp-json\/wp\/v2\/posts"}],"about":[{"href":"https:\/\/elinformanteperu.com\/index.php\/wp-json\/wp\/v2\/types\/post"}],"author":[{"embeddable":true,"href":"https:\/\/elinformanteperu.com\/index.php\/wp-json\/wp\/v2\/users\/1"}],"replies":[{"embeddable":true,"href":"https:\/\/elinformanteperu.com\/index.php\/wp-json\/wp\/v2\/comments?post=114563"}],"version-history":[{"count":1,"href":"https:\/\/elinformanteperu.com\/index.php\/wp-json\/wp\/v2\/posts\/114563\/revisions"}],"predecessor-version":[{"id":114565,"href":"https:\/\/elinformanteperu.com\/index.php\/wp-json\/wp\/v2\/posts\/114563\/revisions\/114565"}],"wp:featuredmedia":[{"embeddable":true,"href":"https:\/\/elinformanteperu.com\/index.php\/wp-json\/wp\/v2\/media\/114564"}],"wp:attachment":[{"href":"https:\/\/elinformanteperu.com\/index.php\/wp-json\/wp\/v2\/media?parent=114563"}],"wp:term":[{"taxonomy":"category","embeddable":true,"href":"https:\/\/elinformanteperu.com\/index.php\/wp-json\/wp\/v2\/categories?post=114563"},{"taxonomy":"post_tag","embeddable":true,"href":"https:\/\/elinformanteperu.com\/index.php\/wp-json\/wp\/v2\/tags?post=114563"}],"curies":[{"name":"wp","href":"https:\/\/api.w.org\/{rel}","templated":true}]}}