{"id":114496,"date":"2022-05-03T20:17:38","date_gmt":"2022-05-04T01:17:38","guid":{"rendered":"https:\/\/elinformanteperu.com\/?p=114496"},"modified":"2022-05-03T20:17:38","modified_gmt":"2022-05-04T01:17:38","slug":"nacio-la-primera-bebe-a-bordo-de-la-pias-putumayo-i-en-loreto","status":"publish","type":"post","link":"https:\/\/elinformanteperu.com\/index.php\/2022\/05\/03\/nacio-la-primera-bebe-a-bordo-de-la-pias-putumayo-i-en-loreto\/","title":{"rendered":"Naci\u00f3 la primera beb\u00e9 a bordo de la PIAS Putumayo I en Loreto"},"content":{"rendered":"<p><strong><span style=\"color: #000000;\">Parto de la madre fue atendido de forma segura en plataforma itinerante durante Campa\u00f1a de Acci\u00f3n Social gestionada por el Programa PAIS del Midis.<\/span><\/strong><\/p>\n<p><span style=\"color: #000000;\"><strong>Lima, 03 de Mayo 2022, (El Informante Per\u00fa).-<\/strong> Milagro de vida en la Amazon\u00eda. Tras presentar intensos dolores debido a sus 40 semanas de gestaci\u00f3n, Estefita Oblitas Montoya, fue atendida de emergencia por el personal m\u00e9dico de la PIAS Putumayo I en la comunidad San Jos\u00e9 de Cochiquinas, durante la primera Campa\u00f1a de Acci\u00f3n Social que el Programa Nacional PAIS del Ministerio de Desarrollo e Inclusi\u00f3n Social (Midis), desarrolla en la regi\u00f3n de Loreto.<\/span><\/p>\n<p><span style=\"color: #000000;\">Luego de cinco horas de trabajo de parto monitoreado en un ambiente seguro, dio a luz a la peque\u00f1a Jharexy Medina Oblitas, convirti\u00e9ndose en el primer nacimiento a bordo de estas plataformas itinerantes que navegan por los r\u00edos de la selva acercando servicios prioritarios en este 2022.<\/span><\/p>\n<p><span style=\"color: #000000;\">La beb\u00e9, que naci\u00f3 con un peso de 2.8 kg. y midiendo 49 cm., recibi\u00f3 sus vacunas y pas\u00f3 su primer Control de crecimiento y desarrollo (CRED). Adem\u00e1s, se inici\u00f3 el tr\u00e1mite para su DNI y su afiliaci\u00f3n al Seguro Integral de Salud (SIS). Es la tercera hija de Estefita Oblitas y Artemio Medina, familia agricultora que vive en la comunidad de San Antonio, en el distrito de San Pablo.<\/span><\/p>\n<p><a href=\"https:\/\/elinformanteperu.com\/wp-content\/uploads\/2022\/05\/midis-recien-nacido-pias1.jpg\"><img fetchpriority=\"high\" decoding=\"async\" class=\"size-full wp-image-114498 aligncenter\" src=\"https:\/\/elinformanteperu.com\/wp-content\/uploads\/2022\/05\/midis-recien-nacido-pias1.jpg\" alt=\"\" width=\"594\" height=\"454\" srcset=\"https:\/\/elinformanteperu.com\/wp-content\/uploads\/2022\/05\/midis-recien-nacido-pias1.jpg 594w, https:\/\/elinformanteperu.com\/wp-content\/uploads\/2022\/05\/midis-recien-nacido-pias1-300x229.jpg 300w\" sizes=\"(max-width: 594px) 100vw, 594px\" \/><\/a><span style=\"color: #000000;\">\u201cNosotros esper\u00e1bamos la llegada de las PIAS para que pueda ser atendida. Hemos navegado por una hora hasta San Jos\u00e9 de Cochiquinas porque los dolores ya eran fuertes y me demoraba ocho horas ir hasta la posta del distrito. Adentro las doctoras han sido muy amables. E una bendici\u00f3n de Dios tener a mi hija ahora en mis brazos. Estoy muy agradecida.\u201d, expres\u00f3 Estefita.<\/span><\/p>\n<p><span style=\"color: #000000;\">Tras el parto, los padres y la reci\u00e9n nacida permanecieron en el buque de la Marina de Guerra para realizar un monitoreo de rutina hasta recibir el alta m\u00e9dica. Durante ese tiempo, recibieron consejer\u00eda para la lactancia materna como parte del apego seguro entre madre e hija.<\/span><\/p>\n<p><span style=\"color: #000000;\">Cabe resaltar que la asistencia m\u00e9dica para gestantes forma parte de los servicios multisectoriales que profesionales a bordo de las Plataformas Itinerantes de Acci\u00f3n Social (PIAS) brindan en comunidades nativas y centros poblados de Loreto, Ucayali y Puno. Durante el 2021, se atendieron en total 20 nacimientos, garantizando el derecho a la salud de familias vulnerables.<\/span><\/p>\n<p><span style=\"color: #000000;\">En estas campa\u00f1as itinerantes gestionadas por el programa PAIS, participan de manera articulada el Ministerio de la Mujer y Poblaciones Vulnerables y el Ministerio de Cultura. Tambi\u00e9n entidades como la Direcci\u00f3n Regional de Salud (Diresa), el Seguro Integral de Salud (SIS), el Registro Nacional de Identificaci\u00f3n y Estado Civil (Reniec), entre otros, con el apoyo de la Marina de Guerra.<\/span><\/p>\n<p><a href=\"https:\/\/elinformanteperu.com\/wp-content\/uploads\/2022\/05\/midis-recien-nacido-pias2.jpg\"><img decoding=\"async\" class=\"size-full wp-image-114499 aligncenter\" src=\"https:\/\/elinformanteperu.com\/wp-content\/uploads\/2022\/05\/midis-recien-nacido-pias2.jpg\" alt=\"\" width=\"684\" height=\"452\" srcset=\"https:\/\/elinformanteperu.com\/wp-content\/uploads\/2022\/05\/midis-recien-nacido-pias2.jpg 684w, https:\/\/elinformanteperu.com\/wp-content\/uploads\/2022\/05\/midis-recien-nacido-pias2-300x198.jpg 300w\" sizes=\"(max-width: 684px) 100vw, 684px\" \/><\/a><\/p>\n","protected":false},"excerpt":{"rendered":"<p>Parto de la madre fue atendido de forma segura en plataforma itinerante durante Campa\u00f1a de Acci\u00f3n Social gestionada por el Programa PAIS del Midis. Lima, 03 de Mayo 2022, (El Informante Per\u00fa).- Milagro de vida en la Amazon\u00eda. Tras presentar intensos dolores debido a sus 40 semanas de gestaci\u00f3n, Estefita Oblitas Montoya, fue atendida de [&hellip;]<\/p>\n","protected":false},"author":1,"featured_media":114497,"comment_status":"closed","ping_status":"closed","sticky":false,"template":"","format":"standard","meta":{"rop_custom_images_group":[],"rop_custom_messages_group":[],"rop_publish_now":"initial","rop_publish_now_accounts":[],"rop_publish_now_history":[],"rop_publish_now_status":"pending","footnotes":""},"categories":[10],"tags":[153,3571],"class_list":["post-114496","post","type-post","status-publish","format-standard","has-post-thumbnail","hentry","category-actualidad-municipal","tag-midis","tag-programa-nacional-pais"],"_links":{"self":[{"href":"https:\/\/elinformanteperu.com\/index.php\/wp-json\/wp\/v2\/posts\/114496","targetHints":{"allow":["GET"]}}],"collection":[{"href":"https:\/\/elinformanteperu.com\/index.php\/wp-json\/wp\/v2\/posts"}],"about":[{"href":"https:\/\/elinformanteperu.com\/index.php\/wp-json\/wp\/v2\/types\/post"}],"author":[{"embeddable":true,"href":"https:\/\/elinformanteperu.com\/index.php\/wp-json\/wp\/v2\/users\/1"}],"replies":[{"embeddable":true,"href":"https:\/\/elinformanteperu.com\/index.php\/wp-json\/wp\/v2\/comments?post=114496"}],"version-history":[{"count":1,"href":"https:\/\/elinformanteperu.com\/index.php\/wp-json\/wp\/v2\/posts\/114496\/revisions"}],"predecessor-version":[{"id":114500,"href":"https:\/\/elinformanteperu.com\/index.php\/wp-json\/wp\/v2\/posts\/114496\/revisions\/114500"}],"wp:featuredmedia":[{"embeddable":true,"href":"https:\/\/elinformanteperu.com\/index.php\/wp-json\/wp\/v2\/media\/114497"}],"wp:attachment":[{"href":"https:\/\/elinformanteperu.com\/index.php\/wp-json\/wp\/v2\/media?parent=114496"}],"wp:term":[{"taxonomy":"category","embeddable":true,"href":"https:\/\/elinformanteperu.com\/index.php\/wp-json\/wp\/v2\/categories?post=114496"},{"taxonomy":"post_tag","embeddable":true,"href":"https:\/\/elinformanteperu.com\/index.php\/wp-json\/wp\/v2\/tags?post=114496"}],"curies":[{"name":"wp","href":"https:\/\/api.w.org\/{rel}","templated":true}]}}