{"id":114493,"date":"2022-05-03T20:09:59","date_gmt":"2022-05-04T01:09:59","guid":{"rendered":"https:\/\/elinformanteperu.com\/?p=114493"},"modified":"2022-05-03T20:09:59","modified_gmt":"2022-05-04T01:09:59","slug":"ministra-boluarte-llama-a-mejorar-los-servicios-del-estado-a-las-comunidades-amazonicas","status":"publish","type":"post","link":"https:\/\/elinformanteperu.com\/index.php\/2022\/05\/03\/ministra-boluarte-llama-a-mejorar-los-servicios-del-estado-a-las-comunidades-amazonicas\/","title":{"rendered":"Ministra Boluarte llama a mejorar los servicios del Estado a las comunidades amaz\u00f3nicas"},"content":{"rendered":"<p><strong><span style=\"color: #000000;\">En reuni\u00f3n con apus y representantes de pueblos Awaj\u00fan, Wampis, Chapra, Kandozi, Achuar, Shawi y Kukuma kukamiria<\/span><\/strong><\/p>\n<p><span style=\"color: #000000;\"><strong>Lima, 03 de Mayo 2022, (ANDINA).-<\/strong> Los directores ejecutivos de los programas sociales a cargo del Ministerio de Desarrollo e Inclusi\u00f3n Social (Midis) deben hacer el \u2018m\u00e1ximo esfuerzo\u2019 para trabajar de manera efectiva y transparente en beneficio de las comunidades ind\u00edgenas amaz\u00f3nicas, enfatiz\u00f3 la titular del sector, Dina Boluarte.<\/span><\/p>\n<p><span style=\"color: #000000;\">En su exhortaci\u00f3n, la ministra Boluarte llam\u00f3 a los funcionarios a prestar, desde el Midis, servicios con calidad y pertinencia cultural para garantizar una mejor atenci\u00f3n a estas comunidades, particularmente vulnerables en un contexto de pandemia y crisis econ\u00f3mica.<\/span><\/p>\n<p><span style=\"color: #000000;\">La titular del Midis sostuvo hoy una reuni\u00f3n con los apus y representantes de siete comunidades ind\u00edgenas amaz\u00f3nicas de los distritos loretanos de Manseriche y Morona: Awaj\u00fan, Wampis, Chapra, Kandozi, Achuar, Shawi y Kukuma kukamiria.<\/span><\/p>\n<p><strong><span style=\"color: #000000;\">Demandas amaz\u00f3nicas<\/span><\/strong><\/p>\n<p><span style=\"color: #000000;\">En la cita virtual, se abordaron temas relacionados a los programas de Asistencia Solidaria Pensi\u00f3n 65, de Apoyo Directo a los m\u00e1s Pobres Juntos, de Alimentaci\u00f3n Escolar Qali Warma, Cuna M\u00e1s y Fondo de Cooperaci\u00f3n para el Desarrollo Social (Foncodes).<\/span><\/p>\n<p><span style=\"color: #000000;\">Entre sus demandas, los l\u00edderes de las comunidades ind\u00edgenas expusieron la necesidad de ampliar la cobertura de estos programas, as\u00ed como garantizar una mayor presencia de representantes del Estado que puedan comunicarse en sus diferentes dialectos.<\/span><\/p>\n<p><span style=\"color: #000000;\">La ministra Boluarte Zegarra reafirm\u00f3 que su sector viene ejecutando intervenciones para mejorar la calidad de vida de las comunidades m\u00e1s alejadas del pa\u00eds.<\/span><\/p>\n<p><strong><span style=\"color: #000000;\">Ente rector<\/span><\/strong><\/p>\n<p><span style=\"color: #000000;\">Agreg\u00f3 que el Midis, en su calidad de ente rector de las pol\u00edticas nacionales en materia de desarrollo e inclusi\u00f3n social, coordina con otros sectores para llevar los servicios b\u00e1sicos que, por derecho, corresponden a todos los peruanos y peruanas.<\/span><\/p>\n","protected":false},"excerpt":{"rendered":"<p>En reuni\u00f3n con apus y representantes de pueblos Awaj\u00fan, Wampis, Chapra, Kandozi, Achuar, Shawi y Kukuma kukamiria Lima, 03 de Mayo 2022, (ANDINA).- Los directores ejecutivos de los programas sociales a cargo del Ministerio de Desarrollo e Inclusi\u00f3n Social (Midis) deben hacer el \u2018m\u00e1ximo esfuerzo\u2019 para trabajar de manera efectiva y transparente en beneficio de [&hellip;]<\/p>\n","protected":false},"author":1,"featured_media":114494,"comment_status":"closed","ping_status":"closed","sticky":false,"template":"","format":"standard","meta":{"rop_custom_images_group":[],"rop_custom_messages_group":[],"rop_publish_now":"initial","rop_publish_now_accounts":[],"rop_publish_now_history":[],"rop_publish_now_status":"pending","footnotes":""},"categories":[10],"tags":[6528,153],"class_list":["post-114493","post","type-post","status-publish","format-standard","has-post-thumbnail","hentry","category-actualidad-municipal","tag-dina-boluarte","tag-midis"],"_links":{"self":[{"href":"https:\/\/elinformanteperu.com\/index.php\/wp-json\/wp\/v2\/posts\/114493","targetHints":{"allow":["GET"]}}],"collection":[{"href":"https:\/\/elinformanteperu.com\/index.php\/wp-json\/wp\/v2\/posts"}],"about":[{"href":"https:\/\/elinformanteperu.com\/index.php\/wp-json\/wp\/v2\/types\/post"}],"author":[{"embeddable":true,"href":"https:\/\/elinformanteperu.com\/index.php\/wp-json\/wp\/v2\/users\/1"}],"replies":[{"embeddable":true,"href":"https:\/\/elinformanteperu.com\/index.php\/wp-json\/wp\/v2\/comments?post=114493"}],"version-history":[{"count":1,"href":"https:\/\/elinformanteperu.com\/index.php\/wp-json\/wp\/v2\/posts\/114493\/revisions"}],"predecessor-version":[{"id":114495,"href":"https:\/\/elinformanteperu.com\/index.php\/wp-json\/wp\/v2\/posts\/114493\/revisions\/114495"}],"wp:featuredmedia":[{"embeddable":true,"href":"https:\/\/elinformanteperu.com\/index.php\/wp-json\/wp\/v2\/media\/114494"}],"wp:attachment":[{"href":"https:\/\/elinformanteperu.com\/index.php\/wp-json\/wp\/v2\/media?parent=114493"}],"wp:term":[{"taxonomy":"category","embeddable":true,"href":"https:\/\/elinformanteperu.com\/index.php\/wp-json\/wp\/v2\/categories?post=114493"},{"taxonomy":"post_tag","embeddable":true,"href":"https:\/\/elinformanteperu.com\/index.php\/wp-json\/wp\/v2\/tags?post=114493"}],"curies":[{"name":"wp","href":"https:\/\/api.w.org\/{rel}","templated":true}]}}