{"id":114490,"date":"2022-05-03T20:05:54","date_gmt":"2022-05-04T01:05:54","guid":{"rendered":"https:\/\/elinformanteperu.com\/?p=114490"},"modified":"2022-05-03T20:05:54","modified_gmt":"2022-05-04T01:05:54","slug":"geresa-arequipa-insta-a-recibir-la-tercera-dosis-para-cerrar-brecha-de-vacunacion","status":"publish","type":"post","link":"https:\/\/elinformanteperu.com\/index.php\/2022\/05\/03\/geresa-arequipa-insta-a-recibir-la-tercera-dosis-para-cerrar-brecha-de-vacunacion\/","title":{"rendered":"Geresa Arequipa insta a recibir la tercera dosis para cerrar brecha de vacunaci\u00f3n"},"content":{"rendered":"<p><strong><span style=\"color: #000000;\">El uso de la mascarilla para prevenir contagios es obligatorio en la regi\u00f3n sure\u00f1a<\/span><\/strong><\/p>\n<p><span style=\"color: #000000;\"><strong>Arequipa, 03 de Mayo 2022, (ANDINA).-<\/strong> En la regi\u00f3n Arequipa no se ha alcanzado el 80 % de la poblaci\u00f3n mayor de 18 a\u00f1os inmunizada con la tercera dosis de la vacuna contra el covid-19 y en el grupo de 60 a\u00f1os bordea el 75 %, por lo que el uso de la mascarilla es de uso obligatorio, se\u00f1al\u00f3 hoy la jefa de Inmunizaciones de la Gerencia Regional de Salud (Geresa), Giovanna Valdivia.<\/span><\/p>\n<p><span style=\"color: #000000;\">Se\u00f1al\u00f3 que faltan cerrar brechas de vacunaci\u00f3n para dejar la mascarilla, por lo que inst\u00f3 a la poblaci\u00f3n a acudir a los vacunatorios para recibir la dosis que les corresponda.<\/span><\/p>\n<p><span style=\"color: #000000;\">Refiri\u00f3 que la aplicaci\u00f3n de la tercera dosis en personas mayores de 18 a\u00f1os no es la esperada desde hace semanas, por lo que contin\u00faan aplicando diversas estrategias de inmunizaci\u00f3n como la vacunaci\u00f3n casa por casa y visitas a los colegios para inmunizar a los menores de edad, previa autorizaci\u00f3n de los padres de familia.<\/span><\/p>\n<p><span style=\"color: #000000;\">Respecto a la poblaci\u00f3n objetivo de 12 a 17 a\u00f1os (175,000), se inform\u00f3 que el 85 % recibieron la primera dosis de la vacuna y el 75 % la segunda dosis; mientras que de 5 a 11 a\u00f1os cerca del 60 % fueron inmunizados.<\/span><\/p>\n<p><span style=\"color: #000000;\">Valdivia indic\u00f3 que cuentan con vacunas suficientes para administrar la tercera dosis de la vacuna contra el covid-19 a poblaci\u00f3n mayor de 18 a\u00f1os y adolescentes de 12 a 17 a\u00f1os con vacunas del laboratorio Pfizer.<\/span><\/p>\n<p><span style=\"color: #000000;\">Sobre la cuarta dosis, la responsable del \u00e1rea de inmunizaciones dijo que en los \u00faltimos d\u00edas se ha incrementado el n\u00famero de personas de m\u00e1s de 70 a\u00f1os que acuden a los centros de vacunaci\u00f3n para recibir la dosis de refuerzo.<\/span><\/p>\n","protected":false},"excerpt":{"rendered":"<p>El uso de la mascarilla para prevenir contagios es obligatorio en la regi\u00f3n sure\u00f1a Arequipa, 03 de Mayo 2022, (ANDINA).- En la regi\u00f3n Arequipa no se ha alcanzado el 80 % de la poblaci\u00f3n mayor de 18 a\u00f1os inmunizada con la tercera dosis de la vacuna contra el covid-19 y en el grupo de 60 [&hellip;]<\/p>\n","protected":false},"author":1,"featured_media":114491,"comment_status":"closed","ping_status":"closed","sticky":false,"template":"","format":"standard","meta":{"rop_custom_images_group":[],"rop_custom_messages_group":[],"rop_publish_now":"initial","rop_publish_now_accounts":[],"rop_publish_now_history":[],"rop_publish_now_status":"pending","footnotes":""},"categories":[10],"tags":[769,5939],"class_list":["post-114490","post","type-post","status-publish","format-standard","has-post-thumbnail","hentry","category-actualidad-municipal","tag-arequipa","tag-vacunacion"],"_links":{"self":[{"href":"https:\/\/elinformanteperu.com\/index.php\/wp-json\/wp\/v2\/posts\/114490","targetHints":{"allow":["GET"]}}],"collection":[{"href":"https:\/\/elinformanteperu.com\/index.php\/wp-json\/wp\/v2\/posts"}],"about":[{"href":"https:\/\/elinformanteperu.com\/index.php\/wp-json\/wp\/v2\/types\/post"}],"author":[{"embeddable":true,"href":"https:\/\/elinformanteperu.com\/index.php\/wp-json\/wp\/v2\/users\/1"}],"replies":[{"embeddable":true,"href":"https:\/\/elinformanteperu.com\/index.php\/wp-json\/wp\/v2\/comments?post=114490"}],"version-history":[{"count":1,"href":"https:\/\/elinformanteperu.com\/index.php\/wp-json\/wp\/v2\/posts\/114490\/revisions"}],"predecessor-version":[{"id":114492,"href":"https:\/\/elinformanteperu.com\/index.php\/wp-json\/wp\/v2\/posts\/114490\/revisions\/114492"}],"wp:featuredmedia":[{"embeddable":true,"href":"https:\/\/elinformanteperu.com\/index.php\/wp-json\/wp\/v2\/media\/114491"}],"wp:attachment":[{"href":"https:\/\/elinformanteperu.com\/index.php\/wp-json\/wp\/v2\/media?parent=114490"}],"wp:term":[{"taxonomy":"category","embeddable":true,"href":"https:\/\/elinformanteperu.com\/index.php\/wp-json\/wp\/v2\/categories?post=114490"},{"taxonomy":"post_tag","embeddable":true,"href":"https:\/\/elinformanteperu.com\/index.php\/wp-json\/wp\/v2\/tags?post=114490"}],"curies":[{"name":"wp","href":"https:\/\/api.w.org\/{rel}","templated":true}]}}