{"id":114483,"date":"2022-05-03T19:59:59","date_gmt":"2022-05-04T00:59:59","guid":{"rendered":"https:\/\/elinformanteperu.com\/?p=114483"},"modified":"2022-05-03T19:59:59","modified_gmt":"2022-05-04T00:59:59","slug":"cusco-dos-personas-mueren-tras-el-despiste-y-vuelco-de-auto-en-la-via-a-chumbivilcas","status":"publish","type":"post","link":"https:\/\/elinformanteperu.com\/index.php\/2022\/05\/03\/cusco-dos-personas-mueren-tras-el-despiste-y-vuelco-de-auto-en-la-via-a-chumbivilcas\/","title":{"rendered":"Cusco: dos personas mueren tras el despiste y vuelco de auto en la v\u00eda a Chumbivilcas"},"content":{"rendered":"<p><span style=\"color: #000000;\"><strong>Cusco, 03 de Mayo 2022, (ANDINA).-<\/strong> Dos personas fallecieron tras el despiste y vuelco de un veh\u00edculo modelo Station Wagon a la altura del kil\u00f3metro 52 de la carretera Totora-Livitaca, en la provincia cusque\u00f1a de Chumbivilcas.<\/span><\/p>\n<p><span style=\"color: #000000;\">La tragedia ocurri\u00f3 ayer por la tarde por circunstancias que son materia de investigaci\u00f3n policial; en tanto, las v\u00edctimas fueron identificadas como Roberto Quillahuaman Cutipa (52) e Isabel Cusihuaman Conde\u00f1a (45).<\/span><\/p>\n<p><span style=\"color: #000000;\">Seg\u00fan la polic\u00eda, el veh\u00edculo de placa de rodaje x2k-216, marca Toyota, color blanco, conducido por el primero de los nombrados cay\u00f3 a un precipicio de 100 metros, cerca del r\u00edo Apur\u00edmac.<\/span><\/p>\n<p><span style=\"color: #000000;\">La recuperaci\u00f3n de los cad\u00e1veres estuvo a cargo de agentes pertenecientes al escuadr\u00f3n de emergencia de la Divisi\u00f3n Policial Sicuani, quienes, pese a la dificultad de la zona agreste, descendieron hasta llegar al veh\u00edculo siniestrado.<\/span><\/p>\n<p><span style=\"color: #000000;\">Lo acontecido fue comunicado al representante del Ministerio P\u00fablico de la provincia de Chumbivilcas, quien dispuso el levantamiento de los cad\u00e1veres y su internamiento en la morgue, para su respectiva necropsia de Ley.<\/span><\/p>\n<p><span style=\"color: #000000;\">Personal PNP solicit\u00f3 al Departamento de Investigaci\u00f3n de Accidentes de Tr\u00e1nsito (DIAT) Cusco, realizar las investigaciones y determinar fehacientemente las causas del accidente de tr\u00e1nsito.<\/span><\/p>\n<p><a href=\"https:\/\/elinformanteperu.com\/wp-content\/uploads\/2022\/05\/cusco-accidente-transito2.jpg\"><img fetchpriority=\"high\" decoding=\"async\" class=\"size-full wp-image-114485 aligncenter\" src=\"https:\/\/elinformanteperu.com\/wp-content\/uploads\/2022\/05\/cusco-accidente-transito2.jpg\" alt=\"\" width=\"500\" height=\"225\" srcset=\"https:\/\/elinformanteperu.com\/wp-content\/uploads\/2022\/05\/cusco-accidente-transito2.jpg 500w, https:\/\/elinformanteperu.com\/wp-content\/uploads\/2022\/05\/cusco-accidente-transito2-300x135.jpg 300w\" sizes=\"(max-width: 500px) 100vw, 500px\" \/><\/a><\/p>\n","protected":false},"excerpt":{"rendered":"<p>Cusco, 03 de Mayo 2022, (ANDINA).- Dos personas fallecieron tras el despiste y vuelco de un veh\u00edculo modelo Station Wagon a la altura del kil\u00f3metro 52 de la carretera Totora-Livitaca, en la provincia cusque\u00f1a de Chumbivilcas. La tragedia ocurri\u00f3 ayer por la tarde por circunstancias que son materia de investigaci\u00f3n policial; en tanto, las v\u00edctimas [&hellip;]<\/p>\n","protected":false},"author":1,"featured_media":114484,"comment_status":"closed","ping_status":"closed","sticky":false,"template":"","format":"standard","meta":{"rop_custom_images_group":[],"rop_custom_messages_group":[],"rop_publish_now":"initial","rop_publish_now_accounts":[],"rop_publish_now_history":[],"rop_publish_now_status":"pending","footnotes":""},"categories":[10],"tags":[1226],"class_list":["post-114483","post","type-post","status-publish","format-standard","has-post-thumbnail","hentry","category-actualidad-municipal","tag-cusco"],"_links":{"self":[{"href":"https:\/\/elinformanteperu.com\/index.php\/wp-json\/wp\/v2\/posts\/114483","targetHints":{"allow":["GET"]}}],"collection":[{"href":"https:\/\/elinformanteperu.com\/index.php\/wp-json\/wp\/v2\/posts"}],"about":[{"href":"https:\/\/elinformanteperu.com\/index.php\/wp-json\/wp\/v2\/types\/post"}],"author":[{"embeddable":true,"href":"https:\/\/elinformanteperu.com\/index.php\/wp-json\/wp\/v2\/users\/1"}],"replies":[{"embeddable":true,"href":"https:\/\/elinformanteperu.com\/index.php\/wp-json\/wp\/v2\/comments?post=114483"}],"version-history":[{"count":1,"href":"https:\/\/elinformanteperu.com\/index.php\/wp-json\/wp\/v2\/posts\/114483\/revisions"}],"predecessor-version":[{"id":114486,"href":"https:\/\/elinformanteperu.com\/index.php\/wp-json\/wp\/v2\/posts\/114483\/revisions\/114486"}],"wp:featuredmedia":[{"embeddable":true,"href":"https:\/\/elinformanteperu.com\/index.php\/wp-json\/wp\/v2\/media\/114484"}],"wp:attachment":[{"href":"https:\/\/elinformanteperu.com\/index.php\/wp-json\/wp\/v2\/media?parent=114483"}],"wp:term":[{"taxonomy":"category","embeddable":true,"href":"https:\/\/elinformanteperu.com\/index.php\/wp-json\/wp\/v2\/categories?post=114483"},{"taxonomy":"post_tag","embeddable":true,"href":"https:\/\/elinformanteperu.com\/index.php\/wp-json\/wp\/v2\/tags?post=114483"}],"curies":[{"name":"wp","href":"https:\/\/api.w.org\/{rel}","templated":true}]}}