{"id":11444,"date":"2017-06-09T00:07:13","date_gmt":"2017-06-09T05:07:13","guid":{"rendered":"http:\/\/elinformanteperu.com\/?p=11444"},"modified":"2017-06-09T00:07:13","modified_gmt":"2017-06-09T05:07:13","slug":"eligen-nuevo-presidente-de-la-comision-de-etica","status":"publish","type":"post","link":"https:\/\/elinformanteperu.com\/index.php\/2017\/06\/09\/eligen-nuevo-presidente-de-la-comision-de-etica\/","title":{"rendered":"Eligen nuevo presidente de la Comisi\u00f3n de \u00c9tica"},"content":{"rendered":"<p><strong><span style=\"color: #000000;\">Por mayor\u00eda de votos, el congresista Juan Carlos Gonzales (FP) fue elegido presidente de la Comisi\u00f3n de \u00c9tica Parlamentaria.<\/span><\/strong><\/p>\n<p><span style=\"color: #000000;\"><strong>Lima, 08 Junio 2017, (El Informante Per\u00fa).-<\/strong> Por mayor\u00eda de votos, el congresista Juan Carlos Gonzales (FP) fue elegido presidente de la Comisi\u00f3n de \u00c9tica Parlamentaria. De igual forma y bajo la misma propuesta, su colega Wilbert Rozas Beltr\u00e1n (FA), como vicepresidente. Los acompa\u00f1a el legislador Eloy Narv\u00e1ez Soto (APP) como secretario.<\/span><\/p>\n<p><span style=\"color: #000000;\">De esta forma qued\u00f3 conformado este grupo de trabajo encargado de revisar y sancionar a parlamentarios que cometen o habr\u00edan cometido faltas de orden \u00e9tico y afines al buen comportamiento y conducta congresal.<\/span><\/p>\n<p><span style=\"color: #000000;\">Durante el proceso eleccionario y de votaci\u00f3n se suscit\u00f3 una breve discusi\u00f3n entre los parlamentarios \u00darsula Letona Pereyra (FP), Mauricio Mulder Bedoya (PAP) y Jonhy Lescano Ancieta (AP), en torno a la modalidad de la votaci\u00f3n y se respete los acuerdos pol\u00edticos realizados en la Junta de Portavoces, donde se acord\u00f3 que dicha comisi\u00f3n lo presidir\u00eda un miembro de Fuerza Popular.<\/span><\/p>\n<p><span style=\"color: #000000;\">Este hecho se dio a ra\u00edz de la propuesta del congresista Lescano, quien sugiri\u00f3 como candidato a la presidencia de ese grupo de trabajo a su colega Alberto Oliva Corrales (PPK). \u201cEstamos en democracia y por tanto este grupo puede elegir a un nuevo presidente que no sea de Fuerza Popular, para que haya m\u00e1s transparencia en nuestra labor\u201d, consider\u00f3 el parlamentario Lescano Ancieta.<\/span><\/p>\n<p><span style=\"color: #000000;\">Ante este hecho, los legisladores Mulder y Letona, manifestaron su desacuerdo con dicha propuesta y solicitaron que se respeten los acuerdos de la Junta de Portavoces, cuestionando la propuesta de su colega Lescano.<\/span><\/p>\n<p><span style=\"color: #000000;\">\u201cLlamo a la reflexi\u00f3n al colega Lescano. Hay una serie de acuerdos pol\u00edticos ya establecidos y que se vienen respetando, en este caso corresponde presidir este grupo de trabajo a Fuerza Popular \u201c, manifest\u00f3 la legisladora Letona Pereyra.<\/span><\/p>\n<p><span style=\"color: #000000;\">Superado el impase y luego de diversas intervenciones de los parlamentarios miembros de este grupo de trabajo se llev\u00f3 a cabo el proceso eleccionario, renunciando antes el congresista Oliva Corrales a la propuesta como candidato a la presidencia de ese grupo de trabajo.<\/span><\/p>\n<p><span style=\"color: #000000;\">Luego de la elecci\u00f3n, el congresista Juan Carlos Ardiles, solicit\u00f3 las disculpas del caso ante los presentes por los roces verbales que tuvieron sus colegas Mulder y Lescano, considerando que su elecci\u00f3n marca una nueva etapa y que trabajar\u00e1, sin consigna pol\u00edtica, de forma transparente y con la aplicaci\u00f3n del debido proceso para los casos que se presentan en la Comisi\u00f3n de \u00c9tica.<\/span><\/p>\n<p><span style=\"color: #000000;\">\u201cAsumo con responsabilidad este encargo y agradezco la confianza de mi partido, vamos a trabajar por el Per\u00fa y con transparencia. Las sanciones ser\u00e1n determinadas con toda justicia y no se blindar\u00e1 a nadie. Ser\u00e1 una labor equilibrada y espero el apoyo de todos sus integrantes\u201d, refiri\u00f3 el titular de ese grupo de trabajo, Juan Carlos Ardiles.<\/span><\/p>\n<p><span style=\"color: #000000;\">Al t\u00e9rmino de la reuni\u00f3n los parlamentarios Wilbert Rozas, \u00darsula Letona, Alberto Oliva, Milagros Salazar (FP), Narv\u00e1ez Soto, entre otros representantes saludaron la elecci\u00f3n de los nuevos directivos y manifestaron su disposici\u00f3n y apoyo para cumplir sus objetivos como grupo de trabajo (FAA).<\/span><\/p>\n","protected":false},"excerpt":{"rendered":"<p>Por mayor\u00eda de votos, el congresista Juan Carlos Gonzales (FP) fue elegido presidente de la Comisi\u00f3n de \u00c9tica Parlamentaria. Lima, 08 Junio 2017, (El Informante Per\u00fa).- Por mayor\u00eda de votos, el congresista Juan Carlos Gonzales (FP) fue elegido presidente de la Comisi\u00f3n de \u00c9tica Parlamentaria. De igual forma y bajo la misma propuesta, su colega [&hellip;]<\/p>\n","protected":false},"author":1,"featured_media":5962,"comment_status":"open","ping_status":"open","sticky":false,"template":"","format":"standard","meta":{"rop_custom_images_group":[],"rop_custom_messages_group":[],"rop_publish_now":"initial","rop_publish_now_accounts":[],"rop_publish_now_history":[],"rop_publish_now_status":"pending","footnotes":""},"categories":[5],"tags":[192],"class_list":["post-11444","post","type-post","status-publish","format-standard","has-post-thumbnail","hentry","category-actualidad-informativa","tag-congreso"],"_links":{"self":[{"href":"https:\/\/elinformanteperu.com\/index.php\/wp-json\/wp\/v2\/posts\/11444","targetHints":{"allow":["GET"]}}],"collection":[{"href":"https:\/\/elinformanteperu.com\/index.php\/wp-json\/wp\/v2\/posts"}],"about":[{"href":"https:\/\/elinformanteperu.com\/index.php\/wp-json\/wp\/v2\/types\/post"}],"author":[{"embeddable":true,"href":"https:\/\/elinformanteperu.com\/index.php\/wp-json\/wp\/v2\/users\/1"}],"replies":[{"embeddable":true,"href":"https:\/\/elinformanteperu.com\/index.php\/wp-json\/wp\/v2\/comments?post=11444"}],"version-history":[{"count":1,"href":"https:\/\/elinformanteperu.com\/index.php\/wp-json\/wp\/v2\/posts\/11444\/revisions"}],"predecessor-version":[{"id":11445,"href":"https:\/\/elinformanteperu.com\/index.php\/wp-json\/wp\/v2\/posts\/11444\/revisions\/11445"}],"wp:featuredmedia":[{"embeddable":true,"href":"https:\/\/elinformanteperu.com\/index.php\/wp-json\/wp\/v2\/media\/5962"}],"wp:attachment":[{"href":"https:\/\/elinformanteperu.com\/index.php\/wp-json\/wp\/v2\/media?parent=11444"}],"wp:term":[{"taxonomy":"category","embeddable":true,"href":"https:\/\/elinformanteperu.com\/index.php\/wp-json\/wp\/v2\/categories?post=11444"},{"taxonomy":"post_tag","embeddable":true,"href":"https:\/\/elinformanteperu.com\/index.php\/wp-json\/wp\/v2\/tags?post=11444"}],"curies":[{"name":"wp","href":"https:\/\/api.w.org\/{rel}","templated":true}]}}