{"id":11440,"date":"2017-06-08T23:49:37","date_gmt":"2017-06-09T04:49:37","guid":{"rendered":"http:\/\/elinformanteperu.com\/?p=11440"},"modified":"2017-06-08T23:49:37","modified_gmt":"2017-06-09T04:49:37","slug":"fiscalia-interpondra-recurso-para-revocar-excarcelacion-de-felix-moreno","status":"publish","type":"post","link":"https:\/\/elinformanteperu.com\/index.php\/2017\/06\/08\/fiscalia-interpondra-recurso-para-revocar-excarcelacion-de-felix-moreno\/","title":{"rendered":"Fiscal\u00eda interpondr\u00e1 recurso para revocar excarcelaci\u00f3n de F\u00e9lix Moreno"},"content":{"rendered":"<p><strong><span style=\"color: #000000;\">El Ministerio P\u00fablico expres\u00f3 su desacuerdo con la decisi\u00f3n de la Primera Sala de Apelaciones Nacional que revoc\u00f3 la prisi\u00f3n preventiva dictada contra F\u00e9lix Moreno.<\/span><\/strong><\/p>\n<p><span style=\"color: #000000;\"><strong>Lima, 08 Junio 2017, (ANDINA).-<\/strong> El Ministerio P\u00fablico expres\u00f3 su desacuerdo con la decisi\u00f3n de la Primera Sala Penal de Apelaciones Nacional que revoc\u00f3 la prisi\u00f3n preventiva dictada contra F\u00e9lix Moreno, y anunci\u00f3 que presentar\u00e1 un recurso de casaci\u00f3n por esta decisi\u00f3n.<\/span><\/p>\n<p><span style=\"color: #000000;\">Precis\u00f3 que en la investigaci\u00f3n realizada \u201cs\u00ed existen fundados y graves elementos de convicci\u00f3n\u201d, as\u00ed como peligro de obstaculizaci\u00f3n de la indagaci\u00f3n, situaci\u00f3n que fue debidamente valorada por el juez de Investigaci\u00f3n Preparatoria despu\u00e9s de la audiencia p\u00fablica de prisi\u00f3n preventiva.<\/span><\/p>\n<p><span style=\"color: #000000;\">\u201cRechazamos cualquier presunta inactividad fiscal o apresuramiento en el pedido de prisi\u00f3n preventiva contra F\u00e9lix Moreno. Por ello, interpondremos, dentro del plazo de ley, el recurso de casaci\u00f3n correspondiente\u201d, recalc\u00f3 en un comunicado.<\/span><\/p>\n<p><span style=\"color: #000000;\">Este recurso se interpondr\u00e1 a efectos de que la Corte Suprema de la Rep\u00fablica \u201crevoque dicha decisi\u00f3n, y establezca criterios, tanto en el \u00e1mbito procesal como en el sustantivo\u201d.<\/span><\/p>\n<p><span style=\"color: #000000;\">Mencion\u00f3 que es importante tomar en cuenta que ser\u00e1 la primera vez que la m\u00e1xima instancia de la justicia en Per\u00fa conozca el caso Odebrecht.<\/span><\/p>\n<p><span style=\"color: #000000;\">Agreg\u00f3 que ello representa una oportunidad jur\u00eddica en el procesamiento eficaz a la corrupci\u00f3n estatal y la criminalidad organizada.<\/span><\/p>\n","protected":false},"excerpt":{"rendered":"<p>El Ministerio P\u00fablico expres\u00f3 su desacuerdo con la decisi\u00f3n de la Primera Sala de Apelaciones Nacional que revoc\u00f3 la prisi\u00f3n preventiva dictada contra F\u00e9lix Moreno. Lima, 08 Junio 2017, (ANDINA).- El Ministerio P\u00fablico expres\u00f3 su desacuerdo con la decisi\u00f3n de la Primera Sala Penal de Apelaciones Nacional que revoc\u00f3 la prisi\u00f3n preventiva dictada contra F\u00e9lix [&hellip;]<\/p>\n","protected":false},"author":1,"featured_media":8095,"comment_status":"open","ping_status":"open","sticky":false,"template":"","format":"standard","meta":{"rop_custom_images_group":[],"rop_custom_messages_group":[],"rop_publish_now":"initial","rop_publish_now_accounts":[],"rop_publish_now_history":[],"rop_publish_now_status":"pending","footnotes":""},"categories":[5],"tags":[331,370,619],"class_list":["post-11440","post","type-post","status-publish","format-standard","has-post-thumbnail","hentry","category-actualidad-informativa","tag-felix-moreno","tag-ministerio-publico","tag-odebrecht"],"_links":{"self":[{"href":"https:\/\/elinformanteperu.com\/index.php\/wp-json\/wp\/v2\/posts\/11440","targetHints":{"allow":["GET"]}}],"collection":[{"href":"https:\/\/elinformanteperu.com\/index.php\/wp-json\/wp\/v2\/posts"}],"about":[{"href":"https:\/\/elinformanteperu.com\/index.php\/wp-json\/wp\/v2\/types\/post"}],"author":[{"embeddable":true,"href":"https:\/\/elinformanteperu.com\/index.php\/wp-json\/wp\/v2\/users\/1"}],"replies":[{"embeddable":true,"href":"https:\/\/elinformanteperu.com\/index.php\/wp-json\/wp\/v2\/comments?post=11440"}],"version-history":[{"count":1,"href":"https:\/\/elinformanteperu.com\/index.php\/wp-json\/wp\/v2\/posts\/11440\/revisions"}],"predecessor-version":[{"id":11441,"href":"https:\/\/elinformanteperu.com\/index.php\/wp-json\/wp\/v2\/posts\/11440\/revisions\/11441"}],"wp:featuredmedia":[{"embeddable":true,"href":"https:\/\/elinformanteperu.com\/index.php\/wp-json\/wp\/v2\/media\/8095"}],"wp:attachment":[{"href":"https:\/\/elinformanteperu.com\/index.php\/wp-json\/wp\/v2\/media?parent=11440"}],"wp:term":[{"taxonomy":"category","embeddable":true,"href":"https:\/\/elinformanteperu.com\/index.php\/wp-json\/wp\/v2\/categories?post=11440"},{"taxonomy":"post_tag","embeddable":true,"href":"https:\/\/elinformanteperu.com\/index.php\/wp-json\/wp\/v2\/tags?post=11440"}],"curies":[{"name":"wp","href":"https:\/\/api.w.org\/{rel}","templated":true}]}}