{"id":11438,"date":"2017-06-08T23:46:42","date_gmt":"2017-06-09T04:46:42","guid":{"rendered":"http:\/\/elinformanteperu.com\/?p=11438"},"modified":"2017-06-08T23:46:42","modified_gmt":"2017-06-09T04:46:42","slug":"felix-moreno-salio-del-penal-ancon-i-y-afrontara-proceso-en-libertad","status":"publish","type":"post","link":"https:\/\/elinformanteperu.com\/index.php\/2017\/06\/08\/felix-moreno-salio-del-penal-ancon-i-y-afrontara-proceso-en-libertad\/","title":{"rendered":"F\u00e9lix Moreno sali\u00f3 del penal Anc\u00f3n I y afrontar\u00e1 proceso en libertad"},"content":{"rendered":"<p><strong><span style=\"color: #000000;\">El suspendido gobernador regional del Callao, F\u00e9lix Moreno, sali\u00f3 del penal Anc\u00f3n I, luego que la Sala de Penal de Apelaciones revoc\u00f3 el mandato de prisi\u00f3n preventiva.<\/span><\/strong><\/p>\n<p><span style=\"color: #000000;\"><strong>Lima, 08 Junio 2017, (ANDINA).-<\/strong> El suspendido gobernador regional del Callao, F\u00e9lix Moreno, sali\u00f3 del penal Anc\u00f3n I, luego que la Sala de Penal de Apelaciones revoc\u00f3 el mandato de prisi\u00f3n preventiva.<\/span><\/p>\n<p><span style=\"color: #000000;\">\u00abVoy a colaborar con las investigaciones\u00bb, declar\u00f3 a la prensa al salir del centro penitenciario.<\/span><\/p>\n<p><span style=\"color: #000000;\">Moreno afrontar\u00e1 el proceso de investigaci\u00f3n en su contra por la presunta recepci\u00f3n de una coima por parte de la empresa brasile\u00f1a Odebrecht en libertad, luego que la Primera Sala Penal de Apelaciones dispusiera esta medida.<\/span><\/p>\n<p><span style=\"color: #000000;\">La referida corte estableci\u00f3 la comparecencia restringida para la referida autoridad, quien fuera detenido de manera preventiva el pasado mes de abril por el proceso de pesquisas por la concesi\u00f3n del tramo de la Costa Verde.<\/span><\/p>\n<p><span style=\"color: #000000;\">Gracias a esta medida, Moreno sali\u00f3 en libertad, al revocarse la orden de prisi\u00f3n preventiva de 18 meses.<\/span><\/p>\n","protected":false},"excerpt":{"rendered":"<p>El suspendido gobernador regional del Callao, F\u00e9lix Moreno, sali\u00f3 del penal Anc\u00f3n I, luego que la Sala de Penal de Apelaciones revoc\u00f3 el mandato de prisi\u00f3n preventiva. Lima, 08 Junio 2017, (ANDINA).- El suspendido gobernador regional del Callao, F\u00e9lix Moreno, sali\u00f3 del penal Anc\u00f3n I, luego que la Sala de Penal de Apelaciones revoc\u00f3 el [&hellip;]<\/p>\n","protected":false},"author":1,"featured_media":8258,"comment_status":"open","ping_status":"open","sticky":false,"template":"","format":"standard","meta":{"rop_custom_images_group":[],"rop_custom_messages_group":[],"rop_publish_now":"initial","rop_publish_now_accounts":[],"rop_publish_now_history":[],"rop_publish_now_status":"pending","footnotes":""},"categories":[5],"tags":[331,330,619],"class_list":["post-11438","post","type-post","status-publish","format-standard","has-post-thumbnail","hentry","category-actualidad-informativa","tag-felix-moreno","tag-gobierno-regional-del-callao","tag-odebrecht"],"_links":{"self":[{"href":"https:\/\/elinformanteperu.com\/index.php\/wp-json\/wp\/v2\/posts\/11438","targetHints":{"allow":["GET"]}}],"collection":[{"href":"https:\/\/elinformanteperu.com\/index.php\/wp-json\/wp\/v2\/posts"}],"about":[{"href":"https:\/\/elinformanteperu.com\/index.php\/wp-json\/wp\/v2\/types\/post"}],"author":[{"embeddable":true,"href":"https:\/\/elinformanteperu.com\/index.php\/wp-json\/wp\/v2\/users\/1"}],"replies":[{"embeddable":true,"href":"https:\/\/elinformanteperu.com\/index.php\/wp-json\/wp\/v2\/comments?post=11438"}],"version-history":[{"count":1,"href":"https:\/\/elinformanteperu.com\/index.php\/wp-json\/wp\/v2\/posts\/11438\/revisions"}],"predecessor-version":[{"id":11439,"href":"https:\/\/elinformanteperu.com\/index.php\/wp-json\/wp\/v2\/posts\/11438\/revisions\/11439"}],"wp:featuredmedia":[{"embeddable":true,"href":"https:\/\/elinformanteperu.com\/index.php\/wp-json\/wp\/v2\/media\/8258"}],"wp:attachment":[{"href":"https:\/\/elinformanteperu.com\/index.php\/wp-json\/wp\/v2\/media?parent=11438"}],"wp:term":[{"taxonomy":"category","embeddable":true,"href":"https:\/\/elinformanteperu.com\/index.php\/wp-json\/wp\/v2\/categories?post=11438"},{"taxonomy":"post_tag","embeddable":true,"href":"https:\/\/elinformanteperu.com\/index.php\/wp-json\/wp\/v2\/tags?post=11438"}],"curies":[{"name":"wp","href":"https:\/\/api.w.org\/{rel}","templated":true}]}}