{"id":114247,"date":"2022-04-24T15:42:02","date_gmt":"2022-04-24T20:42:02","guid":{"rendered":"https:\/\/elinformanteperu.com\/?p=114247"},"modified":"2022-04-24T15:42:14","modified_gmt":"2022-04-24T20:42:14","slug":"ministerio-del-interior-pide-celeridad-judicial-contra-agresor-de-mujer-policia","status":"publish","type":"post","link":"https:\/\/elinformanteperu.com\/index.php\/2022\/04\/24\/ministerio-del-interior-pide-celeridad-judicial-contra-agresor-de-mujer-policia\/","title":{"rendered":"Ministerio del Interior pide celeridad judicial contra agresor de mujer polic\u00eda"},"content":{"rendered":"<p><span style=\"color: #000000;\"><strong>Lima, 24 de Abril 2022, (ANDINA).-<\/strong> El Ministerio del Interior rechaz\u00f3 el ataque perpetrado contra la suboficial de segunda de la Polic\u00eda Nacional, Mayra Villareal, registrado hoy en la zona primera de Pro, del distrito lime\u00f1o de Comas, y pidi\u00f3 que se aceleren las acciones judiciales correspondientes contra el responsable del acto.<\/span><\/p>\n<p><span style=\"color: #000000;\">En un comunicado, se indica que el ministro del sector, Alfonso Ch\u00e1varry, orden\u00f3 que de inmediato se facilite la atenci\u00f3n m\u00e9dica a la agente policial. Esto se hizo efectivo en la cl\u00ednica Jes\u00fas del Norte, ubicada en el distrito de Independencia.<\/span><\/p>\n<p><span style=\"color: #000000;\">En ese sentido, el Ministerio del Interior exhort\u00f3 a las autoridades judiciales a actuar con celeridad y firmeza, para aplicar la sanci\u00f3n respectiva al autor de la agresi\u00f3n.<\/span><\/p>\n<p><span style=\"color: #000000;\">El sujeto ha sido identificado como Diego Sandy Macuyama, de 19 a\u00f1os de edad. Mientras la suboficial dirig\u00eda el tr\u00e1nsito en el cruce de la avenida Trapiche con la Panamericana Norte, baj\u00f3 de su auto para, con un pu\u00f1al en la mano, robarle su arma.<\/span><\/p>\n<p><span style=\"color: #000000;\">En ese intento, apu\u00f1al\u00f3 por la espalda a la polic\u00eda. Cuando los transe\u00fantes y ch\u00f3feres vieron el acto, corrieron hacia \u00e9l para detenerlo y golpearlo, hasta que agentes policiales llegaron para detenerlo.<\/span><\/p>\n<p><span style=\"color: #000000;\">En el \u00faltimo punto del comunicado emitido sobre este tema, el Ministerio del Interior invoca a la ciudadan\u00eda a colaborar con la Polic\u00eda Nacional para garantizar el orden p\u00fablico.<\/span><\/p>\n","protected":false},"excerpt":{"rendered":"<p>Lima, 24 de Abril 2022, (ANDINA).- El Ministerio del Interior rechaz\u00f3 el ataque perpetrado contra la suboficial de segunda de la Polic\u00eda Nacional, Mayra Villareal, registrado hoy en la zona primera de Pro, del distrito lime\u00f1o de Comas, y pidi\u00f3 que se aceleren las acciones judiciales correspondientes contra el responsable del acto. En un comunicado, [&hellip;]<\/p>\n","protected":false},"author":1,"featured_media":114248,"comment_status":"closed","ping_status":"closed","sticky":false,"template":"","format":"standard","meta":{"rop_custom_images_group":[],"rop_custom_messages_group":[],"rop_publish_now":"initial","rop_publish_now_accounts":[],"rop_publish_now_history":[],"rop_publish_now_status":"pending","footnotes":""},"categories":[5],"tags":[7020,401,280],"class_list":["post-114247","post","type-post","status-publish","format-standard","has-post-thumbnail","hentry","category-actualidad-informativa","tag-alfonso-chavarry","tag-mininter","tag-ministerio-del-interior"],"_links":{"self":[{"href":"https:\/\/elinformanteperu.com\/index.php\/wp-json\/wp\/v2\/posts\/114247","targetHints":{"allow":["GET"]}}],"collection":[{"href":"https:\/\/elinformanteperu.com\/index.php\/wp-json\/wp\/v2\/posts"}],"about":[{"href":"https:\/\/elinformanteperu.com\/index.php\/wp-json\/wp\/v2\/types\/post"}],"author":[{"embeddable":true,"href":"https:\/\/elinformanteperu.com\/index.php\/wp-json\/wp\/v2\/users\/1"}],"replies":[{"embeddable":true,"href":"https:\/\/elinformanteperu.com\/index.php\/wp-json\/wp\/v2\/comments?post=114247"}],"version-history":[{"count":1,"href":"https:\/\/elinformanteperu.com\/index.php\/wp-json\/wp\/v2\/posts\/114247\/revisions"}],"predecessor-version":[{"id":114249,"href":"https:\/\/elinformanteperu.com\/index.php\/wp-json\/wp\/v2\/posts\/114247\/revisions\/114249"}],"wp:featuredmedia":[{"embeddable":true,"href":"https:\/\/elinformanteperu.com\/index.php\/wp-json\/wp\/v2\/media\/114248"}],"wp:attachment":[{"href":"https:\/\/elinformanteperu.com\/index.php\/wp-json\/wp\/v2\/media?parent=114247"}],"wp:term":[{"taxonomy":"category","embeddable":true,"href":"https:\/\/elinformanteperu.com\/index.php\/wp-json\/wp\/v2\/categories?post=114247"},{"taxonomy":"post_tag","embeddable":true,"href":"https:\/\/elinformanteperu.com\/index.php\/wp-json\/wp\/v2\/tags?post=114247"}],"curies":[{"name":"wp","href":"https:\/\/api.w.org\/{rel}","templated":true}]}}