{"id":114241,"date":"2022-04-24T15:20:22","date_gmt":"2022-04-24T20:20:22","guid":{"rendered":"https:\/\/elinformanteperu.com\/?p=114241"},"modified":"2022-04-24T15:20:22","modified_gmt":"2022-04-24T20:20:22","slug":"salas-destino-de-consulta-sobre-cambio-de-constitucion-estara-en-manos-del-congreso","status":"publish","type":"post","link":"https:\/\/elinformanteperu.com\/index.php\/2022\/04\/24\/salas-destino-de-consulta-sobre-cambio-de-constitucion-estara-en-manos-del-congreso\/","title":{"rendered":"Salas: destino de consulta sobre cambio de Constituci\u00f3n \u201cestar\u00e1 en manos del Congreso\u00bb"},"content":{"rendered":"<p><span style=\"color: #000000;\"><strong>Lima, 24 de Abril 2022, (ANDINA).-<\/strong> La propuesta de incluir en la c\u00e9dula de votaci\u00f3n de las elecciones regionales y municipales una consulta sobre el cambio de Constituci\u00f3n se fundamenta en argumentos constitucionales y su destino estar\u00e1 en manos del Congreso, manifest\u00f3 el ministro de Cultura, Alejandro Salas.<\/span><\/p>\n<p><span style=\"color: #000000;\">\u201cEsperemos ahora el trabajo del Congreso respecto del proyecto de ley que se presentar\u00e1\u201d, indic\u00f3 el representante del Poder Ejecutivo.<\/span><\/p>\n<p><span style=\"color: #000000;\">A trav\u00e9s de la red social Twitter, Salas consider\u00f3 que, al plantear la realizaci\u00f3n de esta consulta, el gobierno ha recogido el sentir de un sector de la ciudadan\u00eda. \u201cEl pa\u00eds est\u00e1 pidiendo que los escuchen\u201d, escribi\u00f3.<\/span><\/p>\n<p><span style=\"color: #000000;\">\u201cTodo estar\u00e1 en manos del Congreso\u201d, recalc\u00f3 Salas, refiri\u00e9ndose al proyecto de ley que el presidente Pedro Castillo anunci\u00f3 que presentar\u00e1 ante el Poder Legislativo.<\/span><\/p>\n<p><span style=\"color: #000000;\">Consider\u00f3 que la iniciativa se limita a preguntar a la ciudadan\u00eda \u201csi quieren cambiar la Constituci\u00f3n del 93 o no quieren cambiarla\u201d.<\/span><\/p>\n<p><span style=\"color: #000000;\">\u201cSi gana el no, todo sigue igual y la Constituci\u00f3n del 93 no se cambia. Si gana el s\u00ed, se llamar\u00e1 reci\u00e9n a elecciones para elegir quienes conformar\u00e1n la Asamblea Constituyente para que los elegidos redacten bajo reglas democr\u00e1ticas una nueva constituci\u00f3n\u201d, detall\u00f3 el ministro.<\/span><\/p>\n<p><span style=\"color: #000000;\">Al centrarse en ese punto la propuesta del gobierno, \u201cnadie debe de asustarse\u201d, consider\u00f3 Salas.<\/span><\/p>\n<p><span style=\"color: #000000;\">\u201cSon los electores del pa\u00eds quienes tendr\u00e1n que decidir qu\u00e9 es lo que quieren\u201d, acot\u00f3 el ministro de Cultura.<\/span><\/p>\n","protected":false},"excerpt":{"rendered":"<p>Lima, 24 de Abril 2022, (ANDINA).- La propuesta de incluir en la c\u00e9dula de votaci\u00f3n de las elecciones regionales y municipales una consulta sobre el cambio de Constituci\u00f3n se fundamenta en argumentos constitucionales y su destino estar\u00e1 en manos del Congreso, manifest\u00f3 el ministro de Cultura, Alejandro Salas. \u201cEsperemos ahora el trabajo del Congreso respecto [&hellip;]<\/p>\n","protected":false},"author":1,"featured_media":114242,"comment_status":"closed","ping_status":"closed","sticky":false,"template":"","format":"standard","meta":{"rop_custom_images_group":[],"rop_custom_messages_group":[],"rop_publish_now":"initial","rop_publish_now_accounts":[],"rop_publish_now_history":[],"rop_publish_now_status":"pending","footnotes":""},"categories":[5],"tags":[7005,105],"class_list":["post-114241","post","type-post","status-publish","format-standard","has-post-thumbnail","hentry","category-actualidad-informativa","tag-alejandro-salas-zegarra","tag-ministerio-de-cultura"],"_links":{"self":[{"href":"https:\/\/elinformanteperu.com\/index.php\/wp-json\/wp\/v2\/posts\/114241","targetHints":{"allow":["GET"]}}],"collection":[{"href":"https:\/\/elinformanteperu.com\/index.php\/wp-json\/wp\/v2\/posts"}],"about":[{"href":"https:\/\/elinformanteperu.com\/index.php\/wp-json\/wp\/v2\/types\/post"}],"author":[{"embeddable":true,"href":"https:\/\/elinformanteperu.com\/index.php\/wp-json\/wp\/v2\/users\/1"}],"replies":[{"embeddable":true,"href":"https:\/\/elinformanteperu.com\/index.php\/wp-json\/wp\/v2\/comments?post=114241"}],"version-history":[{"count":1,"href":"https:\/\/elinformanteperu.com\/index.php\/wp-json\/wp\/v2\/posts\/114241\/revisions"}],"predecessor-version":[{"id":114243,"href":"https:\/\/elinformanteperu.com\/index.php\/wp-json\/wp\/v2\/posts\/114241\/revisions\/114243"}],"wp:featuredmedia":[{"embeddable":true,"href":"https:\/\/elinformanteperu.com\/index.php\/wp-json\/wp\/v2\/media\/114242"}],"wp:attachment":[{"href":"https:\/\/elinformanteperu.com\/index.php\/wp-json\/wp\/v2\/media?parent=114241"}],"wp:term":[{"taxonomy":"category","embeddable":true,"href":"https:\/\/elinformanteperu.com\/index.php\/wp-json\/wp\/v2\/categories?post=114241"},{"taxonomy":"post_tag","embeddable":true,"href":"https:\/\/elinformanteperu.com\/index.php\/wp-json\/wp\/v2\/tags?post=114241"}],"curies":[{"name":"wp","href":"https:\/\/api.w.org\/{rel}","templated":true}]}}