{"id":114238,"date":"2022-04-24T15:17:30","date_gmt":"2022-04-24T20:17:30","guid":{"rendered":"https:\/\/elinformanteperu.com\/?p=114238"},"modified":"2022-04-24T15:17:30","modified_gmt":"2022-04-24T20:17:30","slug":"jose-luis-villavisencio-es-electo-presidente-del-fuero-militar-policial","status":"publish","type":"post","link":"https:\/\/elinformanteperu.com\/index.php\/2022\/04\/24\/jose-luis-villavisencio-es-electo-presidente-del-fuero-militar-policial\/","title":{"rendered":"Jos\u00e9 Luis Villavisencio es electo presidente del Fuero Militar Policial"},"content":{"rendered":"<p><span style=\"color: #000000;\"><strong>Lima, 24 de Abril 2022, (ANDINA).-<\/strong> El Consejo Ejecutivo del Fuero Militar Policial, en sesi\u00f3n del 22 de abril y conforme a sus atribuciones, eligi\u00f3 al mayor general FAP (R) Jos\u00e9 Luis Villavisencio Consiglieri, para asumir el cargo de presidente de este organismo para el per\u00edodo 2022-2024, que ejercer\u00e1 a partir del 24 de mayo pr\u00f3ximo.<\/span><\/p>\n<p><span style=\"color: #000000;\">La elecci\u00f3n de la nueva autoridad, se efectu\u00f3 en sala plena del Consejo Ejecutivo, en cumplimiento de lo dispuesto en la Ley de Organizaci\u00f3n y Funciones del Fuero Militar Policial, a un mes de concluir el per\u00edodo de su actual titular, el general de Brigada (r) Alonso Leonardo Esquivel Cornejo.<\/span><\/p>\n<p><span style=\"color: #000000;\">Villavisencio Consiglieri cuenta con una s\u00f3lida trayectoria como oficial del cuerpo jur\u00eddico de la Fuerza A\u00e9rea del Per\u00fa, as\u00ed como magistrado del Fuero Militar Policial, destacando en importantes cargos como vocal supremo del entonces Consejo Supremo de Justicia Militar.<\/span><\/p>\n<p><span style=\"color: #000000;\">Asimismo, como presidente de la Sala Suprema de Guerra del FMP y actualmente como vocal titular de la Sala Suprema Revisora y Magistrado Supremo Decano del FMP.<\/span><\/p>\n","protected":false},"excerpt":{"rendered":"<p>Lima, 24 de Abril 2022, (ANDINA).- El Consejo Ejecutivo del Fuero Militar Policial, en sesi\u00f3n del 22 de abril y conforme a sus atribuciones, eligi\u00f3 al mayor general FAP (R) Jos\u00e9 Luis Villavisencio Consiglieri, para asumir el cargo de presidente de este organismo para el per\u00edodo 2022-2024, que ejercer\u00e1 a partir del 24 de mayo [&hellip;]<\/p>\n","protected":false},"author":1,"featured_media":114239,"comment_status":"closed","ping_status":"closed","sticky":false,"template":"","format":"standard","meta":{"rop_custom_images_group":[],"rop_custom_messages_group":[],"rop_publish_now":"initial","rop_publish_now_accounts":[],"rop_publish_now_history":[],"rop_publish_now_status":"pending","footnotes":""},"categories":[10],"tags":[4080],"class_list":["post-114238","post","type-post","status-publish","format-standard","has-post-thumbnail","hentry","category-actualidad-municipal","tag-fuero-militar-policial"],"_links":{"self":[{"href":"https:\/\/elinformanteperu.com\/index.php\/wp-json\/wp\/v2\/posts\/114238","targetHints":{"allow":["GET"]}}],"collection":[{"href":"https:\/\/elinformanteperu.com\/index.php\/wp-json\/wp\/v2\/posts"}],"about":[{"href":"https:\/\/elinformanteperu.com\/index.php\/wp-json\/wp\/v2\/types\/post"}],"author":[{"embeddable":true,"href":"https:\/\/elinformanteperu.com\/index.php\/wp-json\/wp\/v2\/users\/1"}],"replies":[{"embeddable":true,"href":"https:\/\/elinformanteperu.com\/index.php\/wp-json\/wp\/v2\/comments?post=114238"}],"version-history":[{"count":1,"href":"https:\/\/elinformanteperu.com\/index.php\/wp-json\/wp\/v2\/posts\/114238\/revisions"}],"predecessor-version":[{"id":114240,"href":"https:\/\/elinformanteperu.com\/index.php\/wp-json\/wp\/v2\/posts\/114238\/revisions\/114240"}],"wp:featuredmedia":[{"embeddable":true,"href":"https:\/\/elinformanteperu.com\/index.php\/wp-json\/wp\/v2\/media\/114239"}],"wp:attachment":[{"href":"https:\/\/elinformanteperu.com\/index.php\/wp-json\/wp\/v2\/media?parent=114238"}],"wp:term":[{"taxonomy":"category","embeddable":true,"href":"https:\/\/elinformanteperu.com\/index.php\/wp-json\/wp\/v2\/categories?post=114238"},{"taxonomy":"post_tag","embeddable":true,"href":"https:\/\/elinformanteperu.com\/index.php\/wp-json\/wp\/v2\/tags?post=114238"}],"curies":[{"name":"wp","href":"https:\/\/api.w.org\/{rel}","templated":true}]}}