{"id":114192,"date":"2022-04-24T12:41:10","date_gmt":"2022-04-24T17:41:10","guid":{"rendered":"https:\/\/elinformanteperu.com\/?p=114192"},"modified":"2022-04-24T12:41:10","modified_gmt":"2022-04-24T17:41:10","slug":"fallece-martina-portocarrero-interprete-que-popularizo-flor-de-retama","status":"publish","type":"post","link":"https:\/\/elinformanteperu.com\/index.php\/2022\/04\/24\/fallece-martina-portocarrero-interprete-que-popularizo-flor-de-retama\/","title":{"rendered":"Fallece Martina Portocarrero, int\u00e9rprete que populariz\u00f3 \u00abFlor de Retama\u00bb"},"content":{"rendered":"<p><strong><span style=\"color: #000000;\">Lo confirm\u00f3 el destacado guitarrista y cantautor, Manuelcha Prado<\/span><\/strong><\/p>\n<p><span style=\"color: #000000;\"><strong>Lima, 24 de Abril 2022, (ANDINA).-<\/strong> Martina Portocarrero, cantante folkl\u00f3rica que populariz\u00f3 la canci\u00f3n la canci\u00f3n \u00abFlor de Retama\u00bb, falleci\u00f3 en la v\u00edspera a causa de una enfermedad, confirm\u00f3 hoy el guitarrista y cantautor ayacuchano Manuelcha Prado. Vea aqu\u00ed la galer\u00eda fotogr\u00e1fica<\/span><\/p>\n<p><span style=\"color: #000000;\">\u00abEfectivamente, el d\u00eda de ayer por la noche nos regres\u00e1bamos de un evento y nos dimos con esta noticia muy triste para todos los colegas y para el pueblo peruano. Estamos muy compungidos y nos queda solo que elevar una plegaria por Martina Portocarrero\u00bb, indic\u00f3 Prado en TV Per\u00fa.<\/span><\/p>\n<p><span style=\"color: #000000;\">Indic\u00f3 que la partida de la cantante es una gran p\u00e9rdida para la m\u00fasica folkl\u00f3rica, y que la noticia cay\u00f3 de manera intempestiva porque hace algunos meses \u00abla hab\u00edamos visto bien, siempre preocupada por las actuaciones\u00bb.<\/span><\/p>\n<p><span style=\"color: #000000;\">\u00abLa recordaremos a Martina Portocarrero como una gran int\u00e9rprete de temas emblem\u00e1ticos como Ma\u00edz, El Hombre, Flor de Retama, su voz se populariz\u00f3 y llego a calar en el sentimiento del pueblo peruano\u00bb, record\u00f3.<\/span><\/p>\n<p><span style=\"color: #000000;\">Asimismo, destac\u00f3 su sensibilidad social y pol\u00edtica, as\u00ed como su faceta como cantautora de temas que narraron situaciones dif\u00edciles que pas\u00f3 el pa\u00eds. <\/span><\/p>\n<p><span style=\"color: #000000;\">\u00abLa ve\u00edamos bastante bien, pero a veces la procesi\u00f3n va por dentro y hemos recibido esta noticia que nos ha afectado\u00bb, agreg\u00f3.<\/span><\/p>\n<p><span style=\"color: #000000;\">De otro lado, el Ministerio de Cultura tambi\u00e9n lament\u00f3 el fallecimiento de Martina Portocarrero, a trav\u00e9s de un sentido mensaje publicado en sus redes sociales.<\/span><\/p>\n<p><span style=\"color: #000000;\">\u00abLamentamos el sensible fallecimiento de Martina Portocarrero, destacada cantante folcl\u00f3rica e investigadora de la cultura andina nacional. Siempre ser\u00e1 recordada por interpretar de manera \u00fanica la canci\u00f3n \u201cFlor de Retama\u201d. Expresamos nuestras condolencias para su familiares, seguidores y seres queridos\u00bb, dicha la publicaci\u00f3n.<\/span><\/p>\n","protected":false},"excerpt":{"rendered":"<p>Lo confirm\u00f3 el destacado guitarrista y cantautor, Manuelcha Prado Lima, 24 de Abril 2022, (ANDINA).- Martina Portocarrero, cantante folkl\u00f3rica que populariz\u00f3 la canci\u00f3n la canci\u00f3n \u00abFlor de Retama\u00bb, falleci\u00f3 en la v\u00edspera a causa de una enfermedad, confirm\u00f3 hoy el guitarrista y cantautor ayacuchano Manuelcha Prado. Vea aqu\u00ed la galer\u00eda fotogr\u00e1fica \u00abEfectivamente, el d\u00eda de [&hellip;]<\/p>\n","protected":false},"author":1,"featured_media":114193,"comment_status":"closed","ping_status":"closed","sticky":false,"template":"","format":"standard","meta":{"rop_custom_images_group":[],"rop_custom_messages_group":[],"rop_publish_now":"initial","rop_publish_now_accounts":[],"rop_publish_now_history":[],"rop_publish_now_status":"pending","footnotes":""},"categories":[69],"tags":[7121,6943],"class_list":["post-114192","post","type-post","status-publish","format-standard","has-post-thumbnail","hentry","category-musica","tag-martina-portocarrero","tag-musica"],"_links":{"self":[{"href":"https:\/\/elinformanteperu.com\/index.php\/wp-json\/wp\/v2\/posts\/114192","targetHints":{"allow":["GET"]}}],"collection":[{"href":"https:\/\/elinformanteperu.com\/index.php\/wp-json\/wp\/v2\/posts"}],"about":[{"href":"https:\/\/elinformanteperu.com\/index.php\/wp-json\/wp\/v2\/types\/post"}],"author":[{"embeddable":true,"href":"https:\/\/elinformanteperu.com\/index.php\/wp-json\/wp\/v2\/users\/1"}],"replies":[{"embeddable":true,"href":"https:\/\/elinformanteperu.com\/index.php\/wp-json\/wp\/v2\/comments?post=114192"}],"version-history":[{"count":1,"href":"https:\/\/elinformanteperu.com\/index.php\/wp-json\/wp\/v2\/posts\/114192\/revisions"}],"predecessor-version":[{"id":114194,"href":"https:\/\/elinformanteperu.com\/index.php\/wp-json\/wp\/v2\/posts\/114192\/revisions\/114194"}],"wp:featuredmedia":[{"embeddable":true,"href":"https:\/\/elinformanteperu.com\/index.php\/wp-json\/wp\/v2\/media\/114193"}],"wp:attachment":[{"href":"https:\/\/elinformanteperu.com\/index.php\/wp-json\/wp\/v2\/media?parent=114192"}],"wp:term":[{"taxonomy":"category","embeddable":true,"href":"https:\/\/elinformanteperu.com\/index.php\/wp-json\/wp\/v2\/categories?post=114192"},{"taxonomy":"post_tag","embeddable":true,"href":"https:\/\/elinformanteperu.com\/index.php\/wp-json\/wp\/v2\/tags?post=114192"}],"curies":[{"name":"wp","href":"https:\/\/api.w.org\/{rel}","templated":true}]}}