{"id":114189,"date":"2022-04-24T11:58:36","date_gmt":"2022-04-24T16:58:36","guid":{"rendered":"https:\/\/elinformanteperu.com\/?p=114189"},"modified":"2022-04-24T11:58:36","modified_gmt":"2022-04-24T16:58:36","slug":"relacion-de-johnny-depp-con-drogas-y-alcohol-bajo-la-lupa-en-juicio-por-difamacion","status":"publish","type":"post","link":"https:\/\/elinformanteperu.com\/index.php\/2022\/04\/24\/relacion-de-johnny-depp-con-drogas-y-alcohol-bajo-la-lupa-en-juicio-por-difamacion\/","title":{"rendered":"Relaci\u00f3n de Johnny Depp con drogas y alcohol bajo la lupa en juicio por difamaci\u00f3n"},"content":{"rendered":"<p><span style=\"color: #000000;\"><strong>Washington, 24 de Abril 2022, (ANDINA).-<\/strong> El testimonio de Johnny Depp fue puesto en duda por los abogados de Amber Heard, que escudri\u00f1aron su relaci\u00f3n con las drogas y el alcohol durante el juicio por difamaci\u00f3n que el actor lleva a cabo contra su exesposa.<\/span><\/p>\n<p><span style=\"color: #000000;\">En el centro de las discusiones estuvo una cicatriz en un dedo de Depp que data de marzo de 2015, cuando rodaba la quinta entrega de la saga \u00abPiratas del Caribe\u00bb.<\/span><\/p>\n<p><span style=\"color: #000000;\">\u00abMe cort\u00e9 el dedo medio\u00bb, escribi\u00f3 Depp a su m\u00e9dico en un mensaje le\u00eddo en la corte por Ben Rottenborn, abogado de Amber Heard.<\/span><\/p>\n<p><span style=\"color: #000000;\">Sin embargo, la estrella hab\u00eda afirmado el d\u00eda anterior que su herida hab\u00eda sido infligida por Heard durante una de sus muchas discusiones.<\/span><\/p>\n<p><span style=\"color: #000000;\">\u00abSe me acerc\u00f3 y agarr\u00f3 la botella de vodka. Retrocedi\u00f3 y me la lanz\u00f3\u00bb, hab\u00eda relatado Depp, imitando la escena.<\/span><\/p>\n<p><span style=\"color: #000000;\">A continuaci\u00f3n hab\u00eda explicado que luego us\u00f3 su sangre a modo de pintura para escribir en las paredes de la villa donde se hospedaba la pareja.<\/span><\/p>\n<p><span style=\"color: #000000;\">El jueves por la tarde, en el tercer d\u00eda de testimonio, se mostraron en el tribunal fotos de espejos y muebles cubiertos con letras rojas y negras.<\/span><\/p>\n<p><span style=\"color: #000000;\">Casados durante dos a\u00f1os, los exc\u00f3nyuges se acusan mutuamente de difamaci\u00f3n durante este juicio muy seguido y retransmitido parcialmente por canales de noticias, que tiene su origen en un art\u00edculo de opini\u00f3n que Heard escribi\u00f3 en 2018.<\/span><\/p>\n<p><span style=\"color: #000000;\">En aquel texto publicado por The Washington Post, la actriz, ahora de 35 a\u00f1os, no menciona por su nombre a Johnny Depp, con quien se cas\u00f3 en 2015, pero s\u00ed se refiere a las acusaciones de violencia dom\u00e9stica que hab\u00eda presentado contra su esposo en 2016.<\/span><\/p>\n<p><strong><span style=\"color: #000000;\">\u00abVamos a quemar a Amber\u00bb<\/span><\/strong><\/p>\n<p><span style=\"color: #000000;\">Al inicio de la audiencia de este jueves, los abogados de Heard presentaron en la corte mensajes de texto con contenido violento que Depp intercambi\u00f3 con allegados, aunque sin ofrecer el contexto.<\/span><\/p>\n<p><span style=\"color: #000000;\">\u00abNo quiero volver a ver a esa puta asquerosa de Amber\u00bb, le escribi\u00f3 Depp a un amigo en abril de 2015, dos meses despu\u00e9s de casarse.<\/span><\/p>\n<p><span style=\"color: #000000;\">Los abogados de su exesposa comenzaron a interrogar al actor leyendo ante el tribunal una serie de mensajes que hab\u00eda intercambiado a lo largo de los a\u00f1os con m\u00faltiples contactos, sin dar m\u00e1s detalles que con qui\u00e9n hab\u00eda hablado y la fecha de los mensajes de texto.<\/span><\/p>\n<p><span style=\"color: #000000;\">\u00abVamos a quemar a Amber\u00bb, ley\u00f3 Ben Rottenborn, representante de Amber Heard. \u00abUsted dijo: &#8216;Voy a follar su cad\u00e1ver quemado despu\u00e9s para asegurarme de que est\u00e1 muerta&#8217;. Eso es lo que dijo usted que har\u00eda despu\u00e9s de quemarla y despu\u00e9s de ahogarla\u00bb, afirm\u00f3 el abogado mientras repasaba el mensaje enviado en 2013 por el actor a uno de sus amigos.<\/span><\/p>\n<p><span style=\"color: #000000;\">A lo largo de su testimonio, su abuso de alcohol y drogas tambi\u00e9n fue ampliamente detallado por los abogados de Heard, quien, presente tambi\u00e9n en la sala, manten\u00eda el rostro impasible.<\/span><\/p>\n<p><span style=\"color: #000000;\">Vestido con traje oscuro y camisa negra, Depp admiti\u00f3 haber consumido estas sustancias, pero neg\u00f3 cualquier exceso.<\/span><\/p>\n<p><span style=\"color: #000000;\">Recordando una experiencia con el cantante Marilyn Manson, el actor dijo que ambos hombres hab\u00edan \u00abbebido\u00bb y \u00abtomado coca\u00edna juntos tal vez un par de veces\u00bb, y agreg\u00f3 que una vez \u00able dio una pastilla al rockero\u00bb para que \u00abdejara de hablar tanto\u00bb.<\/span><\/p>\n<p><span style=\"color: #000000;\">El mi\u00e9rcoles, el actor asegur\u00f3 que lo hab\u00eda perdido \u00abtodo\u00bb por las acusaciones de violencia de su exesposa, tratando de convencer a los jurados de que era ella, por el contrario, la que propinaba los golpes.<\/span><\/p>\n<p><a href=\"https:\/\/elinformanteperu.com\/wp-content\/uploads\/2018\/07\/Johnny-Depp3.jpg\"><img fetchpriority=\"high\" decoding=\"async\" class=\"size-full wp-image-30580 aligncenter\" src=\"https:\/\/elinformanteperu.com\/wp-content\/uploads\/2018\/07\/Johnny-Depp3.jpg\" alt=\"\" width=\"620\" height=\"465\" srcset=\"https:\/\/elinformanteperu.com\/wp-content\/uploads\/2018\/07\/Johnny-Depp3.jpg 620w, https:\/\/elinformanteperu.com\/wp-content\/uploads\/2018\/07\/Johnny-Depp3-300x225.jpg 300w, https:\/\/elinformanteperu.com\/wp-content\/uploads\/2018\/07\/Johnny-Depp3-128x96.jpg 128w, https:\/\/elinformanteperu.com\/wp-content\/uploads\/2018\/07\/Johnny-Depp3-32x24.jpg 32w\" sizes=\"(max-width: 620px) 100vw, 620px\" \/><\/a><\/p>\n","protected":false},"excerpt":{"rendered":"<p>Washington, 24 de Abril 2022, (ANDINA).- El testimonio de Johnny Depp fue puesto en duda por los abogados de Amber Heard, que escudri\u00f1aron su relaci\u00f3n con las drogas y el alcohol durante el juicio por difamaci\u00f3n que el actor lleva a cabo contra su exesposa. En el centro de las discusiones estuvo una cicatriz en [&hellip;]<\/p>\n","protected":false},"author":1,"featured_media":114190,"comment_status":"closed","ping_status":"closed","sticky":false,"template":"","format":"standard","meta":{"rop_custom_images_group":[],"rop_custom_messages_group":[],"rop_publish_now":"initial","rop_publish_now_accounts":[],"rop_publish_now_history":[],"rop_publish_now_status":"pending","footnotes":""},"categories":[70],"tags":[1795],"class_list":["post-114189","post","type-post","status-publish","format-standard","has-post-thumbnail","hentry","category-farandula","tag-johnny-depp"],"_links":{"self":[{"href":"https:\/\/elinformanteperu.com\/index.php\/wp-json\/wp\/v2\/posts\/114189","targetHints":{"allow":["GET"]}}],"collection":[{"href":"https:\/\/elinformanteperu.com\/index.php\/wp-json\/wp\/v2\/posts"}],"about":[{"href":"https:\/\/elinformanteperu.com\/index.php\/wp-json\/wp\/v2\/types\/post"}],"author":[{"embeddable":true,"href":"https:\/\/elinformanteperu.com\/index.php\/wp-json\/wp\/v2\/users\/1"}],"replies":[{"embeddable":true,"href":"https:\/\/elinformanteperu.com\/index.php\/wp-json\/wp\/v2\/comments?post=114189"}],"version-history":[{"count":1,"href":"https:\/\/elinformanteperu.com\/index.php\/wp-json\/wp\/v2\/posts\/114189\/revisions"}],"predecessor-version":[{"id":114191,"href":"https:\/\/elinformanteperu.com\/index.php\/wp-json\/wp\/v2\/posts\/114189\/revisions\/114191"}],"wp:featuredmedia":[{"embeddable":true,"href":"https:\/\/elinformanteperu.com\/index.php\/wp-json\/wp\/v2\/media\/114190"}],"wp:attachment":[{"href":"https:\/\/elinformanteperu.com\/index.php\/wp-json\/wp\/v2\/media?parent=114189"}],"wp:term":[{"taxonomy":"category","embeddable":true,"href":"https:\/\/elinformanteperu.com\/index.php\/wp-json\/wp\/v2\/categories?post=114189"},{"taxonomy":"post_tag","embeddable":true,"href":"https:\/\/elinformanteperu.com\/index.php\/wp-json\/wp\/v2\/tags?post=114189"}],"curies":[{"name":"wp","href":"https:\/\/api.w.org\/{rel}","templated":true}]}}