{"id":11410,"date":"2017-06-07T23:46:01","date_gmt":"2017-06-08T04:46:01","guid":{"rendered":"http:\/\/elinformanteperu.com\/?p=11410"},"modified":"2017-06-07T23:46:01","modified_gmt":"2017-06-08T04:46:01","slug":"pj-confirma-prision-preventiva-contra-exgobernador-acurio","status":"publish","type":"post","link":"https:\/\/elinformanteperu.com\/index.php\/2017\/06\/07\/pj-confirma-prision-preventiva-contra-exgobernador-acurio\/","title":{"rendered":"PJ confirma prisi\u00f3n preventiva contra exgobernador Acurio"},"content":{"rendered":"<p><strong><span style=\"color: #000000;\">La Sala Penal de Apelaciones confirm\u00f3 la orden de prisi\u00f3n preventiva por 18 meses contra el ex gobernador regional del Cusco, Jorge Acurio y del empresario Gustavo Salazar por el caso Odebrecht.<\/span><\/strong><\/p>\n<p><span style=\"color: #000000;\"><strong>Lima, 07 Junio 2017, (ANDINA).-<\/strong> La Sala Penal de Apelaciones confirm\u00f3 la orden de prisi\u00f3n preventiva por 18 meses contra el ex gobernador regional del Cusco, Jorge Acurio y del empresario Gustavo Salazar involucrados en el pago de sobornos efectuados por la empresa Odebrecht.<\/span><\/p>\n<p><span style=\"color: #000000;\">De esta manera, la referida sala judicial desestim\u00f3 el pedido para variar el estado de prisi\u00f3n preventiva por comparecencia presentado por Acurio y Salazar, quien se encuentra fuera del pa\u00eds.<\/span><\/p>\n<p><span style=\"color: #000000;\">El exgobernador Acurio permanece recluido en el penal de Piedras Gordas.<\/span><\/p>\n<p><span style=\"color: #000000;\">Tanto Acurio como Salazar son procesados por la licitaci\u00f3n irregular de la obra V\u00eda Evitamiento del Cusco, concesionada a la empresa Odebrecht a cambio de presuntas coimas.<\/span><\/p>\n","protected":false},"excerpt":{"rendered":"<p>La Sala Penal de Apelaciones confirm\u00f3 la orden de prisi\u00f3n preventiva por 18 meses contra el ex gobernador regional del Cusco, Jorge Acurio y del empresario Gustavo Salazar por el caso Odebrecht. Lima, 07 Junio 2017, (ANDINA).- La Sala Penal de Apelaciones confirm\u00f3 la orden de prisi\u00f3n preventiva por 18 meses contra el ex gobernador [&hellip;]<\/p>\n","protected":false},"author":1,"featured_media":10923,"comment_status":"open","ping_status":"open","sticky":false,"template":"","format":"standard","meta":{"rop_custom_images_group":[],"rop_custom_messages_group":[],"rop_publish_now":"initial","rop_publish_now_accounts":[],"rop_publish_now_history":[],"rop_publish_now_status":"pending","footnotes":""},"categories":[5],"tags":[1670,1600,619],"class_list":["post-11410","post","type-post","status-publish","format-standard","has-post-thumbnail","hentry","category-actualidad-informativa","tag-gobierno-regional-de-cusco","tag-jorge-acurio","tag-odebrecht"],"_links":{"self":[{"href":"https:\/\/elinformanteperu.com\/index.php\/wp-json\/wp\/v2\/posts\/11410","targetHints":{"allow":["GET"]}}],"collection":[{"href":"https:\/\/elinformanteperu.com\/index.php\/wp-json\/wp\/v2\/posts"}],"about":[{"href":"https:\/\/elinformanteperu.com\/index.php\/wp-json\/wp\/v2\/types\/post"}],"author":[{"embeddable":true,"href":"https:\/\/elinformanteperu.com\/index.php\/wp-json\/wp\/v2\/users\/1"}],"replies":[{"embeddable":true,"href":"https:\/\/elinformanteperu.com\/index.php\/wp-json\/wp\/v2\/comments?post=11410"}],"version-history":[{"count":1,"href":"https:\/\/elinformanteperu.com\/index.php\/wp-json\/wp\/v2\/posts\/11410\/revisions"}],"predecessor-version":[{"id":11411,"href":"https:\/\/elinformanteperu.com\/index.php\/wp-json\/wp\/v2\/posts\/11410\/revisions\/11411"}],"wp:featuredmedia":[{"embeddable":true,"href":"https:\/\/elinformanteperu.com\/index.php\/wp-json\/wp\/v2\/media\/10923"}],"wp:attachment":[{"href":"https:\/\/elinformanteperu.com\/index.php\/wp-json\/wp\/v2\/media?parent=11410"}],"wp:term":[{"taxonomy":"category","embeddable":true,"href":"https:\/\/elinformanteperu.com\/index.php\/wp-json\/wp\/v2\/categories?post=11410"},{"taxonomy":"post_tag","embeddable":true,"href":"https:\/\/elinformanteperu.com\/index.php\/wp-json\/wp\/v2\/tags?post=11410"}],"curies":[{"name":"wp","href":"https:\/\/api.w.org\/{rel}","templated":true}]}}