{"id":11408,"date":"2017-06-07T23:43:41","date_gmt":"2017-06-08T04:43:41","guid":{"rendered":"http:\/\/elinformanteperu.com\/?p=11408"},"modified":"2017-06-07T23:43:41","modified_gmt":"2017-06-08T04:43:41","slug":"felix-moreno-presidente-del-poder-judicial-pide-respetar-fallo","status":"publish","type":"post","link":"https:\/\/elinformanteperu.com\/index.php\/2017\/06\/07\/felix-moreno-presidente-del-poder-judicial-pide-respetar-fallo\/","title":{"rendered":"F\u00e9lix Moreno: presidente del Poder Judicial pide respetar fallo"},"content":{"rendered":"<p><strong><span style=\"color: #000000;\">El presidente del Poder Judicial (PJ), Duberl\u00ed Rodr\u00edguez, pidi\u00f3 respetar el fallo que dispuso comparecencia restringida contra el ex gobernador F\u00e9lix Moreno.<\/span><\/strong><\/p>\n<p><span style=\"color: #000000;\"><strong>Lima, 07 Junio 2017, (ANDINA).-<\/strong> El presidente del Poder Judicial (PJ), Duberl\u00ed Rodr\u00edguez, pidi\u00f3 respetar el fallo de la Primera Sala Penal de Apelaciones, que dispuso comparecencia restringida contra el ex gobernador regional del Callao F\u00e9lix Moreno.<\/span><\/p>\n<p><span style=\"color: #000000;\">Seg\u00fan dijo en declaraciones a la prensa, en su condici\u00f3n de titular de la Corte Suprema no puede revisar dicha resoluci\u00f3n judicial.<\/span><\/p>\n<p><span style=\"color: #000000;\">No obstante, aclar\u00f3 que el juicio contra Moreno no ha terminado y que continuar\u00e1 en su fase inicial.<\/span><\/p>\n<p><span style=\"color: #000000;\">\u201cEl proceso contra F\u00e9lix Moreno no ha terminado, sino que reci\u00e9n se encuentra en una fase inicial, es decir, preparatoria, y esta se puede afrontar de dos formas: con comparecencia o con detenci\u00f3n\u201d, manifest\u00f3.<\/span><\/p>\n<p><span style=\"color: #000000;\">Tras participar en la ceremonia por el 137 aniversario de la Batalla de Arica y Juramento de Fidelidad a la Bandera, explic\u00f3 que la sala consider\u00f3 que \u201cno existen fundados motivos que ameriten la prisi\u00f3n preventiva\u201d.<\/span><\/p>\n<p><span style=\"color: #000000;\">\u201cLo que he visto de la resoluci\u00f3n es que no se acredita peligro de fuga y obstaculizaci\u00f3n probatoria, ante una supuesta amenaza a un colaborador, pero la fiscal\u00eda no present\u00f3 la prueba necesaria y faltaba un requisito\u201d, refiri\u00f3.<\/span><\/p>\n<p><span style=\"color: #000000;\">Comparecencia<\/span><\/p>\n<p><span style=\"color: #000000;\">Rodr\u00edguez explic\u00f3 que la medida de comparecencia dictaminada a favor de Moreno no es simple, sino que tiene restricciones como solicitar permiso al juez si se quiere viajar y pagar una cauci\u00f3n de 100,000 soles.<\/span><\/p>\n<p><span style=\"color: #000000;\">\u201cSi no las cumple, se revoca la comparecencia y se vuelve a dictar una prisi\u00f3n preventiva\u201d, asegur\u00f3.<\/span><\/p>\n<p><span style=\"color: #000000;\">Asimismo, refiri\u00f3 que cuando haya una acusaci\u00f3n fiscal, luego de terminar la investigaci\u00f3n pertinente, Moreno ser\u00e1 sometido a un juzgamiento y se establecer\u00e1 si es culpable o inocente.<\/span><\/p>\n","protected":false},"excerpt":{"rendered":"<p>El presidente del Poder Judicial (PJ), Duberl\u00ed Rodr\u00edguez, pidi\u00f3 respetar el fallo que dispuso comparecencia restringida contra el ex gobernador F\u00e9lix Moreno. Lima, 07 Junio 2017, (ANDINA).- El presidente del Poder Judicial (PJ), Duberl\u00ed Rodr\u00edguez, pidi\u00f3 respetar el fallo de la Primera Sala Penal de Apelaciones, que dispuso comparecencia restringida contra el ex gobernador regional [&hellip;]<\/p>\n","protected":false},"author":1,"featured_media":5281,"comment_status":"open","ping_status":"open","sticky":false,"template":"","format":"standard","meta":{"rop_custom_images_group":[],"rop_custom_messages_group":[],"rop_publish_now":"initial","rop_publish_now_accounts":[],"rop_publish_now_history":[],"rop_publish_now_status":"pending","footnotes":""},"categories":[5],"tags":[704,331,330,619],"class_list":["post-11408","post","type-post","status-publish","format-standard","has-post-thumbnail","hentry","category-actualidad-informativa","tag-duberli-rodriguez","tag-felix-moreno","tag-gobierno-regional-del-callao","tag-odebrecht"],"_links":{"self":[{"href":"https:\/\/elinformanteperu.com\/index.php\/wp-json\/wp\/v2\/posts\/11408","targetHints":{"allow":["GET"]}}],"collection":[{"href":"https:\/\/elinformanteperu.com\/index.php\/wp-json\/wp\/v2\/posts"}],"about":[{"href":"https:\/\/elinformanteperu.com\/index.php\/wp-json\/wp\/v2\/types\/post"}],"author":[{"embeddable":true,"href":"https:\/\/elinformanteperu.com\/index.php\/wp-json\/wp\/v2\/users\/1"}],"replies":[{"embeddable":true,"href":"https:\/\/elinformanteperu.com\/index.php\/wp-json\/wp\/v2\/comments?post=11408"}],"version-history":[{"count":1,"href":"https:\/\/elinformanteperu.com\/index.php\/wp-json\/wp\/v2\/posts\/11408\/revisions"}],"predecessor-version":[{"id":11409,"href":"https:\/\/elinformanteperu.com\/index.php\/wp-json\/wp\/v2\/posts\/11408\/revisions\/11409"}],"wp:featuredmedia":[{"embeddable":true,"href":"https:\/\/elinformanteperu.com\/index.php\/wp-json\/wp\/v2\/media\/5281"}],"wp:attachment":[{"href":"https:\/\/elinformanteperu.com\/index.php\/wp-json\/wp\/v2\/media?parent=11408"}],"wp:term":[{"taxonomy":"category","embeddable":true,"href":"https:\/\/elinformanteperu.com\/index.php\/wp-json\/wp\/v2\/categories?post=11408"},{"taxonomy":"post_tag","embeddable":true,"href":"https:\/\/elinformanteperu.com\/index.php\/wp-json\/wp\/v2\/tags?post=11408"}],"curies":[{"name":"wp","href":"https:\/\/api.w.org\/{rel}","templated":true}]}}