{"id":11406,"date":"2017-06-07T23:40:28","date_gmt":"2017-06-08T04:40:28","guid":{"rendered":"http:\/\/elinformanteperu.com\/?p=11406"},"modified":"2017-06-07T23:40:28","modified_gmt":"2017-06-08T04:40:28","slug":"fiscalizacion-cita-para-el-14-de-junio-a-thorne-por-audio-con-contralor","status":"publish","type":"post","link":"https:\/\/elinformanteperu.com\/index.php\/2017\/06\/07\/fiscalizacion-cita-para-el-14-de-junio-a-thorne-por-audio-con-contralor\/","title":{"rendered":"Fiscalizaci\u00f3n cita para el 14 de junio a Thorne por audio con contralor"},"content":{"rendered":"<p><strong><span style=\"color: #000000;\">La Comisi\u00f3n de Fiscalizaci\u00f3n acord\u00f3 citar para el 14 de junio al ministro de Econom\u00eda y Finanzas, Alfredo Thorne, a fin de que explique las circunstancias del audio con el contralor Edgar Alarc\u00f3n.<\/span><\/strong><\/p>\n<p><span style=\"color: #000000;\"><strong>Lima, 07 Junio 2017, (ANDINA).<\/strong>&#8211; La Comisi\u00f3n de Fiscalizaci\u00f3n acord\u00f3 citar para el 14 de junio al ministro de Econom\u00eda y Finanzas, Alfredo Thorne, a fin de que explique las circunstancias del audio de una conversaci\u00f3n con el contralor Edgar Alarc\u00f3n. emitido en un programa dominical.<\/span><\/p>\n<p><span style=\"color: #000000;\">Dicha fecha fue establecida por unanimidad, durante una sesi\u00f3n presidida por el titular de la comisi\u00f3n, H\u00e9ctor Becerril (Fuerza Popular).<\/span><\/p>\n<p><span style=\"color: #000000;\">Mediante un oficio, Thorne hab\u00eda solicitado presentarse a Fiscalizaci\u00f3n para absolver cualquier consulta en torno al tema y se\u00f1al\u00f3 que el audio en menci\u00f3n fue editado con fragmentos de una reuni\u00f3n que tuvo con Edgar Alarc\u00f3n.<\/span><\/p>\n<p><span style=\"color: #000000;\">El ministro de Econom\u00eda remarc\u00f3 que en su despacho, donde ocurri\u00f3 dicho encuentro, no se graban conversaciones.<\/span><\/p>\n<p><span style=\"color: #000000;\">Asimismo, pidi\u00f3 que su presencia en la comisi\u00f3n sea programada despu\u00e9s del 13 de junio en vista de que forma parte de la delegaci\u00f3n oficial que acompa\u00f1a al presidente Pedro Pablo Kuczynski en su gira de trabajo por Francia y Espa\u00f1a.<\/span><\/p>\n<p><span style=\"color: #000000;\">El \u00faltimo domingo, tras la difusi\u00f3n del audio, Alfredo Thorne descart\u00f3 haber presionado al contralor sobre el aeropuerto de Chinchero y responsabiliz\u00f3 a dicho funcionario de haberlo grabado a escondidas y editadoel audio a su conveniencia.<\/span><\/p>\n<p><span style=\"color: #000000;\">El ministro dijo entonces que la reuni\u00f3n que sostuvo con Alarc\u00f3n dur\u00f3 m\u00e1s de 60 minutos, por lo cual cuestion\u00f3 que se hayan difundido solo extractos de la conversaci\u00f3n.<\/span><\/p>\n","protected":false},"excerpt":{"rendered":"<p>La Comisi\u00f3n de Fiscalizaci\u00f3n acord\u00f3 citar para el 14 de junio al ministro de Econom\u00eda y Finanzas, Alfredo Thorne, a fin de que explique las circunstancias del audio con el contralor Edgar Alarc\u00f3n. Lima, 07 Junio 2017, (ANDINA).&#8211; La Comisi\u00f3n de Fiscalizaci\u00f3n acord\u00f3 citar para el 14 de junio al ministro de Econom\u00eda y Finanzas, [&hellip;]<\/p>\n","protected":false},"author":1,"featured_media":1755,"comment_status":"open","ping_status":"open","sticky":false,"template":"","format":"standard","meta":{"rop_custom_images_group":[],"rop_custom_messages_group":[],"rop_publish_now":"initial","rop_publish_now_accounts":[],"rop_publish_now_history":[],"rop_publish_now_status":"pending","footnotes":""},"categories":[5],"tags":[316,192,177,855,314],"class_list":["post-11406","post","type-post","status-publish","format-standard","has-post-thumbnail","hentry","category-actualidad-informativa","tag-alfredo-thorne","tag-congreso","tag-contraloria","tag-edgar-alarcon","tag-ministerio-de-economia-y-finanzas"],"_links":{"self":[{"href":"https:\/\/elinformanteperu.com\/index.php\/wp-json\/wp\/v2\/posts\/11406","targetHints":{"allow":["GET"]}}],"collection":[{"href":"https:\/\/elinformanteperu.com\/index.php\/wp-json\/wp\/v2\/posts"}],"about":[{"href":"https:\/\/elinformanteperu.com\/index.php\/wp-json\/wp\/v2\/types\/post"}],"author":[{"embeddable":true,"href":"https:\/\/elinformanteperu.com\/index.php\/wp-json\/wp\/v2\/users\/1"}],"replies":[{"embeddable":true,"href":"https:\/\/elinformanteperu.com\/index.php\/wp-json\/wp\/v2\/comments?post=11406"}],"version-history":[{"count":1,"href":"https:\/\/elinformanteperu.com\/index.php\/wp-json\/wp\/v2\/posts\/11406\/revisions"}],"predecessor-version":[{"id":11407,"href":"https:\/\/elinformanteperu.com\/index.php\/wp-json\/wp\/v2\/posts\/11406\/revisions\/11407"}],"wp:featuredmedia":[{"embeddable":true,"href":"https:\/\/elinformanteperu.com\/index.php\/wp-json\/wp\/v2\/media\/1755"}],"wp:attachment":[{"href":"https:\/\/elinformanteperu.com\/index.php\/wp-json\/wp\/v2\/media?parent=11406"}],"wp:term":[{"taxonomy":"category","embeddable":true,"href":"https:\/\/elinformanteperu.com\/index.php\/wp-json\/wp\/v2\/categories?post=11406"},{"taxonomy":"post_tag","embeddable":true,"href":"https:\/\/elinformanteperu.com\/index.php\/wp-json\/wp\/v2\/tags?post=11406"}],"curies":[{"name":"wp","href":"https:\/\/api.w.org\/{rel}","templated":true}]}}