{"id":11395,"date":"2017-06-07T23:12:53","date_gmt":"2017-06-08T04:12:53","guid":{"rendered":"http:\/\/elinformanteperu.com\/?p=11395"},"modified":"2017-06-07T23:12:53","modified_gmt":"2017-06-08T04:12:53","slug":"chinchero-construccion-de-aeropuerto-se-iniciaria-a-fin-de-ano","status":"publish","type":"post","link":"https:\/\/elinformanteperu.com\/index.php\/2017\/06\/07\/chinchero-construccion-de-aeropuerto-se-iniciaria-a-fin-de-ano\/","title":{"rendered":"Chinchero: Construcci\u00f3n de Aeropuerto se iniciar\u00eda a fin de a\u00f1o"},"content":{"rendered":"<p><strong><span style=\"color: #000000;\">La construcci\u00f3n del Aeropuerto Internacional de Chinchero en Cusco iniciar\u00e1, v\u00eda obra p\u00fablica, a fin de a\u00f1o, seg\u00fan revel\u00f3 la gobernadora de Arequipa, Yamile Osorio.<\/span><\/strong><\/p>\n<p><span style=\"color: #000000;\"><strong>Lima, 07 Junio 2017, (ANDINA).-<\/strong> La construcci\u00f3n del Aeropuerto Internacional de Chinchero en Cusco iniciar\u00e1, v\u00eda obra p\u00fablica, a fin de a\u00f1o, seg\u00fan revel\u00f3 la gobernadora de Arequipa, Yamila Osorio, qui\u00e9n particip\u00f3 de la sesi\u00f3n del Consejo de Ministros.<\/span><\/p>\n<p><span style=\"color: #000000;\">\u201cSe nos ha dicho que la construcci\u00f3n (del aeropuerto de Chinchero) por obra p\u00fablica se estar\u00eda inici\u00e1ndose a fines de este a\u00f1o lo cual es una buena noticia. Como gobernadora vamos a estar vigilantes para que el plazo se pueda cumplir\u201d, manifest\u00f3 en conferencia de prensa.<\/span><\/p>\n<p><span style=\"color: #000000;\">Cabe indicar que el Estado ejecutar\u00e1 la primera parte del proyecto del aeropuerto internacional de Chinchero, en el Cusco, con la remoci\u00f3n de tierras como una obra p\u00fablica.<\/span><\/p>\n<p><span style=\"color: #000000;\">Afirm\u00f3 que la construcci\u00f3n del aeropuerto tiene una vital importancia para toda la macrorregi\u00f3n sur toda vez que permitir\u00e1 descentralizar y fortalecer el turismo de las regiones del sur.<\/span><\/p>\n<p><strong><span style=\"color: #000000;\">Gasoducto sur<\/span><\/strong><\/p>\n<p><span style=\"color: #000000;\">De igual manera la gobernadora revel\u00f3 que la comisi\u00f3n de liquidaci\u00f3n del gasoducto sur ya est\u00e1 lista con lo cual la licitaci\u00f3n de este megaproyecto energ\u00e9tico se realizar\u00eda en enero del pr\u00f3ximo a\u00f1o.<\/span><\/p>\n<p><span style=\"color: #000000;\">\u201cLo que nos ha manifestado el premier es que ya est\u00e1 constituida la comisi\u00f3n que se encargar\u00e1 de la liquidaci\u00f3n del gasoducto la cual debe tomar hasta fines de a\u00f1o, con lo que en enero se estar\u00eda licitando esta obra importante\u201d, inform\u00f3.<\/span><\/p>\n<p><span style=\"color: #000000;\">Enfatiz\u00f3 que esta obra es de suma importancia para el desarrollo de las regiones del sur pues solo la ejecuci\u00f3n del proyecto representa el 50% de la inversi\u00f3n en infraestructura de la macrorregi\u00f3n sur.<\/span><\/p>\n<p><strong><span style=\"color: #000000;\">Majes Siguas<\/span><\/strong><\/p>\n<p><span style=\"color: #000000;\">Por otro lado, Yamile Osorio anunci\u00f3 que en agosto de este a\u00f1o se iniciar\u00e1 la construcci\u00f3n de las obras mayores de Majes Siguas II relacionada a la represa de Angostura.<\/span><\/p>\n<p><span style=\"color: #000000;\">\u201cDado que la fecha ya se tienen los campamentos terminados; m\u00e1s de 40 kil\u00f3metros de nuevas v\u00edas construidas; el t\u00fanel de derivaci\u00f3n, entre otros componentes menores que son indispensables para dar pase a las obras mayores\u201d, anunci\u00f3.<\/span><\/p>\n<p><span style=\"color: #000000;\">Tambi\u00e9n mostr\u00f3 su satisfacci\u00f3n por la reafirmaci\u00f3n en el financiamiento para la construcci\u00f3n de la carretera Vizcachani \u2013 Caylloma.<\/span><\/p>\n<p><span style=\"color: #000000;\">\u201cEsta es una importante obra que va beneficiar a las comunidades de influencia directa del proyecto especial Majes Sihuas II, y que actualmente es un proyecto en marcha y en construcci\u00f3n pero que ha sido motivo de demanda de las comunidades aleda\u00f1as\u201d, resalt\u00f3.<\/span><\/p>\n<p><span style=\"color: #000000;\">\u201cLa reafirmaci\u00f3n en el financiamiento garantizar\u00e1 la paz y la confianza de la poblaci\u00f3n hacia proyecto\u201d, finaliz\u00f3.<\/span><\/p>\n","protected":false},"excerpt":{"rendered":"<p>La construcci\u00f3n del Aeropuerto Internacional de Chinchero en Cusco iniciar\u00e1, v\u00eda obra p\u00fablica, a fin de a\u00f1o, seg\u00fan revel\u00f3 la gobernadora de Arequipa, Yamile Osorio. Lima, 07 Junio 2017, (ANDINA).- La construcci\u00f3n del Aeropuerto Internacional de Chinchero en Cusco iniciar\u00e1, v\u00eda obra p\u00fablica, a fin de a\u00f1o, seg\u00fan revel\u00f3 la gobernadora de Arequipa, Yamila Osorio, [&hellip;]<\/p>\n","protected":false},"author":1,"featured_media":6265,"comment_status":"open","ping_status":"open","sticky":false,"template":"","format":"standard","meta":{"rop_custom_images_group":[],"rop_custom_messages_group":[],"rop_publish_now":"initial","rop_publish_now_accounts":[],"rop_publish_now_history":[],"rop_publish_now_status":"pending","footnotes":""},"categories":[5],"tags":[1099,189,1563],"class_list":["post-11395","post","type-post","status-publish","format-standard","has-post-thumbnail","hentry","category-actualidad-informativa","tag-aeropuerto-internacional-de-chinchero","tag-pcm","tag-yamila-osorio"],"_links":{"self":[{"href":"https:\/\/elinformanteperu.com\/index.php\/wp-json\/wp\/v2\/posts\/11395","targetHints":{"allow":["GET"]}}],"collection":[{"href":"https:\/\/elinformanteperu.com\/index.php\/wp-json\/wp\/v2\/posts"}],"about":[{"href":"https:\/\/elinformanteperu.com\/index.php\/wp-json\/wp\/v2\/types\/post"}],"author":[{"embeddable":true,"href":"https:\/\/elinformanteperu.com\/index.php\/wp-json\/wp\/v2\/users\/1"}],"replies":[{"embeddable":true,"href":"https:\/\/elinformanteperu.com\/index.php\/wp-json\/wp\/v2\/comments?post=11395"}],"version-history":[{"count":1,"href":"https:\/\/elinformanteperu.com\/index.php\/wp-json\/wp\/v2\/posts\/11395\/revisions"}],"predecessor-version":[{"id":11396,"href":"https:\/\/elinformanteperu.com\/index.php\/wp-json\/wp\/v2\/posts\/11395\/revisions\/11396"}],"wp:featuredmedia":[{"embeddable":true,"href":"https:\/\/elinformanteperu.com\/index.php\/wp-json\/wp\/v2\/media\/6265"}],"wp:attachment":[{"href":"https:\/\/elinformanteperu.com\/index.php\/wp-json\/wp\/v2\/media?parent=11395"}],"wp:term":[{"taxonomy":"category","embeddable":true,"href":"https:\/\/elinformanteperu.com\/index.php\/wp-json\/wp\/v2\/categories?post=11395"},{"taxonomy":"post_tag","embeddable":true,"href":"https:\/\/elinformanteperu.com\/index.php\/wp-json\/wp\/v2\/tags?post=11395"}],"curies":[{"name":"wp","href":"https:\/\/api.w.org\/{rel}","templated":true}]}}