{"id":11371,"date":"2017-06-07T22:22:01","date_gmt":"2017-06-08T03:22:01","guid":{"rendered":"http:\/\/elinformanteperu.com\/?p=11371"},"modified":"2017-06-07T22:22:01","modified_gmt":"2017-06-08T03:22:01","slug":"buscan-reducir-manifestaciones-de-racismo-y-discriminacion","status":"publish","type":"post","link":"https:\/\/elinformanteperu.com\/index.php\/2017\/06\/07\/buscan-reducir-manifestaciones-de-racismo-y-discriminacion\/","title":{"rendered":"Buscan reducir manifestaciones de racismo y discriminaci\u00f3n"},"content":{"rendered":"<p><strong><span style=\"color: #000000;\">Ministerio de Cultura suscribe convenio de cooperaci\u00f3n con la Asociaci\u00f3n Deportiva de F\u00fatbol Profesional (ADFP) que busca reducir manifestaciones de racismo y discriminaci\u00f3n<\/span><\/strong><\/p>\n<p><span style=\"color: #000000;\"><strong>Lima, 07 Junio 2017, (El Inf<\/strong><\/span><span style=\"color: #000000;\"><strong>ormante Per\u00fa).-<\/strong> El Ministerio de Cultura y la Asociaci\u00f3n Deportiva de F\u00fatbol Profesional (ADFP) suscribieron un convenio de cooperaci\u00f3n interinstitucional con el objetivo de coordinar y articular actividades conjuntas que prevengan, proh\u00edban y sancionen manifestaciones racistas y pr\u00e1cticas discriminatorias por motivos \u00e9tnicos culturales y\/o raciales en los espect\u00e1culos deportivos de f\u00fatbol profesional a nivel nacional,<\/span><\/p>\n<p><span style=\"color: #000000;\">\u201cLos partidos no se pueden disfrutar si est\u00e1n presentes el racismo y la discriminaci\u00f3n\u201d afirm\u00f3 Arturo V\u00e1squez, presidente de la ADFP en el marco de la firma del convenio, que en representaci\u00f3n de Cultura fue rubricado por la Secretaria General, Milagro Delgado.<\/span><\/p>\n<p><span style=\"color: #000000;\">El Pacto P\u00fablico contra el Racismo en el F\u00fatbol fue suscrito por el ministro de Cultura Salvador del Solar as\u00ed como autoridades y representantes de 23 instituciones vinculadas al f\u00fatbol profesional peruano y expres\u00f3 su compromiso para enfrentar el racismo y la discriminaci\u00f3n.<\/span><\/p>\n<p><span style=\"color: #000000;\">Es una de las acciones que hacen parte de la Intervenci\u00f3n Nacional contra el Racismo, la cual ha sido dise\u00f1ada para visibilizar el racismo y la discriminaci\u00f3n \u00e9tnico-racial como un fen\u00f3meno violento y cuya atenci\u00f3n resulta urgente por parte de las instituciones del Estado y la sociedad en general.<\/span><\/p>\n<p><strong><span style=\"color: #000000;\">El dato<\/span><\/strong><\/p>\n<p><span style=\"color: #000000;\">El viceministro de Interculturalidad, Alfredo Luna, la directora de Ciudadan\u00eda Intercultural, Mariela Noriega, la directora de Diversidad Cultural y Eliminaci\u00f3n de la Discriminaci\u00f3n Racial, Reina Uzc\u00e1tegui, asesores y especialistas de la entidad participaron de la suscripci\u00f3n del convenio mencionado.<\/span><\/p>\n<p><img fetchpriority=\"high\" decoding=\"async\" class=\"aligncenter size-full wp-image-10871\" src=\"http:\/\/elinformanteperu.com\/wp-content\/uploads\/2017\/05\/independiente-alianza5.jpg\" alt=\"\" width=\"1800\" height=\"1212\" srcset=\"https:\/\/elinformanteperu.com\/wp-content\/uploads\/2017\/05\/independiente-alianza5.jpg 1800w, https:\/\/elinformanteperu.com\/wp-content\/uploads\/2017\/05\/independiente-alianza5-300x202.jpg 300w, https:\/\/elinformanteperu.com\/wp-content\/uploads\/2017\/05\/independiente-alianza5-768x517.jpg 768w, https:\/\/elinformanteperu.com\/wp-content\/uploads\/2017\/05\/independiente-alianza5-1024x689.jpg 1024w, https:\/\/elinformanteperu.com\/wp-content\/uploads\/2017\/05\/independiente-alianza5-128x86.jpg 128w, https:\/\/elinformanteperu.com\/wp-content\/uploads\/2017\/05\/independiente-alianza5-32x22.jpg 32w\" sizes=\"(max-width: 1800px) 100vw, 1800px\" \/><\/p>\n","protected":false},"excerpt":{"rendered":"<p>Ministerio de Cultura suscribe convenio de cooperaci\u00f3n con la Asociaci\u00f3n Deportiva de F\u00fatbol Profesional (ADFP) que busca reducir manifestaciones de racismo y discriminaci\u00f3n Lima, 07 Junio 2017, (El Informante Per\u00fa).- El Ministerio de Cultura y la Asociaci\u00f3n Deportiva de F\u00fatbol Profesional (ADFP) suscribieron un convenio de cooperaci\u00f3n interinstitucional con el objetivo de coordinar y articular [&hellip;]<\/p>\n","protected":false},"author":1,"featured_media":11372,"comment_status":"open","ping_status":"open","sticky":false,"template":"","format":"standard","meta":{"rop_custom_images_group":[],"rop_custom_messages_group":[],"rop_publish_now":"initial","rop_publish_now_accounts":[],"rop_publish_now_history":[],"rop_publish_now_status":"pending","footnotes":""},"categories":[8],"tags":[589,551,105],"class_list":["post-11371","post","type-post","status-publish","format-standard","has-post-thumbnail","hentry","category-disciplinas-deportivas","tag-adfp","tag-asociacion-deportiva-de-futbol-profesional","tag-ministerio-de-cultura"],"_links":{"self":[{"href":"https:\/\/elinformanteperu.com\/index.php\/wp-json\/wp\/v2\/posts\/11371","targetHints":{"allow":["GET"]}}],"collection":[{"href":"https:\/\/elinformanteperu.com\/index.php\/wp-json\/wp\/v2\/posts"}],"about":[{"href":"https:\/\/elinformanteperu.com\/index.php\/wp-json\/wp\/v2\/types\/post"}],"author":[{"embeddable":true,"href":"https:\/\/elinformanteperu.com\/index.php\/wp-json\/wp\/v2\/users\/1"}],"replies":[{"embeddable":true,"href":"https:\/\/elinformanteperu.com\/index.php\/wp-json\/wp\/v2\/comments?post=11371"}],"version-history":[{"count":1,"href":"https:\/\/elinformanteperu.com\/index.php\/wp-json\/wp\/v2\/posts\/11371\/revisions"}],"predecessor-version":[{"id":11373,"href":"https:\/\/elinformanteperu.com\/index.php\/wp-json\/wp\/v2\/posts\/11371\/revisions\/11373"}],"wp:featuredmedia":[{"embeddable":true,"href":"https:\/\/elinformanteperu.com\/index.php\/wp-json\/wp\/v2\/media\/11372"}],"wp:attachment":[{"href":"https:\/\/elinformanteperu.com\/index.php\/wp-json\/wp\/v2\/media?parent=11371"}],"wp:term":[{"taxonomy":"category","embeddable":true,"href":"https:\/\/elinformanteperu.com\/index.php\/wp-json\/wp\/v2\/categories?post=11371"},{"taxonomy":"post_tag","embeddable":true,"href":"https:\/\/elinformanteperu.com\/index.php\/wp-json\/wp\/v2\/tags?post=11371"}],"curies":[{"name":"wp","href":"https:\/\/api.w.org\/{rel}","templated":true}]}}