{"id":11369,"date":"2017-06-07T21:56:16","date_gmt":"2017-06-08T02:56:16","guid":{"rendered":"http:\/\/elinformanteperu.com\/?p=11369"},"modified":"2017-06-07T21:56:16","modified_gmt":"2017-06-08T02:56:16","slug":"ministerio-de-la-mujer-atiende-a-familiares-de-presunta-victima-de-feminicidio-en-cusco","status":"publish","type":"post","link":"https:\/\/elinformanteperu.com\/index.php\/2017\/06\/07\/ministerio-de-la-mujer-atiende-a-familiares-de-presunta-victima-de-feminicidio-en-cusco\/","title":{"rendered":"Ministerio de la Mujer atiende a familiares de presunta v\u00edctima de feminicidio en Cusco"},"content":{"rendered":"<p><strong><span style=\"color: #000000;\">El Ministerio de la Mujer brinda atenci\u00f3n a los familiares de Yovana Usccuhuam\u00e1n Saraya, de 29 a\u00f1os, presunta v\u00edctima de feminicidio.<\/span><\/strong><\/p>\n<p><span style=\"color: #000000;\"><strong>Cusco, 07 Junio 2017, (ANDINA).-<\/strong> El Ministerio de la Mujer y Poblaciones Vulnerables, a trav\u00e9s de su Centro Emergencia Mujer (CEM) del distrito cusque\u00f1o de San Sebasti\u00e1n, brinda atenci\u00f3n integral a los familiares de Yovana Usccuhuam\u00e1n Saraya, de 29 a\u00f1os, presunta v\u00edctima de feminicidio, cuyo cuerpo fue hallado sin vida en su vivienda junto a su hija de dos a\u00f1os.<\/span><\/p>\n<p><span style=\"color: #000000;\">La madre y los hermanos de la v\u00edctima han recibido contenci\u00f3n emocional por parte de la psic\u00f3loga y la trabajadora social del Centro de Emergencia Mujer, quienes adem\u00e1s gestionaron la atenci\u00f3n en un centro de salud especializado para la hija de la v\u00edctima, que aparentemente no presenta ninguna lesi\u00f3n, pero habr\u00eda estado al lado del cad\u00e1ver de su madre por dos d\u00edas.<\/span><\/p>\n<p><span style=\"color: #000000;\">Por su parte, la abogada del Centro de Emergencia Mujer a cargo del caso, acudi\u00f3 a la Tercera Fiscal\u00eda Provincial Penal de Cusco, as\u00ed como a la comisar\u00eda de la zona para hacer seguimiento a las investigaciones y encontrar al responsable. Los familiares de la v\u00edctima sospechan de su \u00faltima pareja, quien ha sido incluido en las indagaciones de la Polic\u00eda Nacional.<\/span><\/p>\n","protected":false},"excerpt":{"rendered":"<p>El Ministerio de la Mujer brinda atenci\u00f3n a los familiares de Yovana Usccuhuam\u00e1n Saraya, de 29 a\u00f1os, presunta v\u00edctima de feminicidio. Cusco, 07 Junio 2017, (ANDINA).- El Ministerio de la Mujer y Poblaciones Vulnerables, a trav\u00e9s de su Centro Emergencia Mujer (CEM) del distrito cusque\u00f1o de San Sebasti\u00e1n, brinda atenci\u00f3n integral a los familiares de [&hellip;]<\/p>\n","protected":false},"author":1,"featured_media":3350,"comment_status":"open","ping_status":"open","sticky":false,"template":"","format":"standard","meta":{"rop_custom_images_group":[],"rop_custom_messages_group":[],"rop_publish_now":"initial","rop_publish_now_accounts":[],"rop_publish_now_history":[],"rop_publish_now_status":"pending","footnotes":""},"categories":[10],"tags":[310,312],"class_list":["post-11369","post","type-post","status-publish","format-standard","has-post-thumbnail","hentry","category-actualidad-municipal","tag-feminicidios","tag-ministerio-de-la-mujer"],"_links":{"self":[{"href":"https:\/\/elinformanteperu.com\/index.php\/wp-json\/wp\/v2\/posts\/11369","targetHints":{"allow":["GET"]}}],"collection":[{"href":"https:\/\/elinformanteperu.com\/index.php\/wp-json\/wp\/v2\/posts"}],"about":[{"href":"https:\/\/elinformanteperu.com\/index.php\/wp-json\/wp\/v2\/types\/post"}],"author":[{"embeddable":true,"href":"https:\/\/elinformanteperu.com\/index.php\/wp-json\/wp\/v2\/users\/1"}],"replies":[{"embeddable":true,"href":"https:\/\/elinformanteperu.com\/index.php\/wp-json\/wp\/v2\/comments?post=11369"}],"version-history":[{"count":1,"href":"https:\/\/elinformanteperu.com\/index.php\/wp-json\/wp\/v2\/posts\/11369\/revisions"}],"predecessor-version":[{"id":11370,"href":"https:\/\/elinformanteperu.com\/index.php\/wp-json\/wp\/v2\/posts\/11369\/revisions\/11370"}],"wp:featuredmedia":[{"embeddable":true,"href":"https:\/\/elinformanteperu.com\/index.php\/wp-json\/wp\/v2\/media\/3350"}],"wp:attachment":[{"href":"https:\/\/elinformanteperu.com\/index.php\/wp-json\/wp\/v2\/media?parent=11369"}],"wp:term":[{"taxonomy":"category","embeddable":true,"href":"https:\/\/elinformanteperu.com\/index.php\/wp-json\/wp\/v2\/categories?post=11369"},{"taxonomy":"post_tag","embeddable":true,"href":"https:\/\/elinformanteperu.com\/index.php\/wp-json\/wp\/v2\/tags?post=11369"}],"curies":[{"name":"wp","href":"https:\/\/api.w.org\/{rel}","templated":true}]}}