{"id":11362,"date":"2017-06-07T20:58:04","date_gmt":"2017-06-08T01:58:04","guid":{"rendered":"http:\/\/elinformanteperu.com\/?p=11362"},"modified":"2017-06-07T20:58:04","modified_gmt":"2017-06-08T01:58:04","slug":"arbitro-del-clasico-califica-de-burla-fallo-de-la-comision-de-justicia-de-la-adfp","status":"publish","type":"post","link":"https:\/\/elinformanteperu.com\/index.php\/2017\/06\/07\/arbitro-del-clasico-califica-de-burla-fallo-de-la-comision-de-justicia-de-la-adfp\/","title":{"rendered":"\u00c1rbitro del cl\u00e1sico califica de \u00abburla\u00bb fallo de la Comisi\u00f3n de Justicia de la ADFP"},"content":{"rendered":"<p><strong><span style=\"color: #000000;\">El \u00e1rbitro V\u00edctor Hugo Carrillo, quien dirigi\u00f3 el cl\u00e1sico entre \u00abU\u00bb y Alianza Lima, calific\u00f3 de burla el castigo de dos fechas de suspensi\u00f3n impuesto por la Comisi\u00f3n de Justicia.<\/span><\/strong><\/p>\n<p><span style=\"color: #000000;\"><strong>Lima, 07 Junio 2017, (ANDINA).-<\/strong> El \u00e1rbitro V\u00edctor Hugo Carrillo, quien dirigi\u00f3 el cl\u00e1sico entre \u00abU\u00bb y Alianza Lima, calific\u00f3 de burla el castigo de dos fechas de suspensi\u00f3n impuesto por la Comisi\u00f3n de Justicia de la Asociaci\u00f3n Deportiva de F\u00fatbol Profesional (CJ-ADFP) a los futbolistas que protagonizaron una pelea al final del cotejo.<\/span><\/p>\n<p><span style=\"color: #000000;\">El refer\u00ed peruano asegur\u00f3 que su informe fue bastante claro y que incluso la propia CJ-ADFP pudo castigar de oficio ante otras acciones que no se incluyeron en dicho documento.<\/span><\/p>\n<p><span style=\"color: #000000;\">\u00abEn un primer momento me molest\u00e9 en que se haya difundido mi informe, que deber\u00eda ser privado. Sin embargo ahora siento todo lo contrario, ya que la opini\u00f3n p\u00fablica puede ver que yo relat\u00e9 tal cual sucedieron los hechos y que la CJ-ADFP emiti\u00f3 un fallo que no corresponde. Es una l\u00e1stima, afirm\u00f3 Carrillo.<\/span><\/p>\n<p><span style=\"color: #000000;\">\u00abLo tomo como una burla. Para todo el sistema deportivo, ante esto hay que dar sanciones ejemplares, no solo a unos equipos o a jugadores, sino castigar a todos por igual\u00bb, agreg\u00f3 el refer\u00ed.<\/span><\/p>\n<p><span style=\"color: #000000;\">Victor Carrillo se\u00f1al\u00f3 que por normativa FIFA, no se puede incluir en el informe situaciones que haya observado luego de revisar v\u00eddeo.<\/span><\/p>\n<p><span style=\"color: #000000;\">\u00abEl domingo pude ver varios v\u00eddeos y sirvi\u00f3 para corroborar los hechos. Por normativa FIFA no puedo agregar lo adicional que observ\u00e9, solo debo ce\u00f1irme lo que vi en la cancha. En el caso de que el \u00e1rbitro haya obviado algo en el informe, la CJ-ADFP est\u00e1 para castigar de oficio, pero en ese caso estamos hablando de verdaderas comisiones de justicia\u00bb, culmin\u00f3.<\/span><\/p>\n<p><img fetchpriority=\"high\" decoding=\"async\" class=\"aligncenter size-full wp-image-11266\" src=\"http:\/\/elinformanteperu.com\/wp-content\/uploads\/2017\/06\/alianza-u-cruzado2.jpg\" alt=\"\" width=\"1800\" height=\"1212\" srcset=\"https:\/\/elinformanteperu.com\/wp-content\/uploads\/2017\/06\/alianza-u-cruzado2.jpg 1800w, https:\/\/elinformanteperu.com\/wp-content\/uploads\/2017\/06\/alianza-u-cruzado2-300x202.jpg 300w, https:\/\/elinformanteperu.com\/wp-content\/uploads\/2017\/06\/alianza-u-cruzado2-768x517.jpg 768w, https:\/\/elinformanteperu.com\/wp-content\/uploads\/2017\/06\/alianza-u-cruzado2-1024x689.jpg 1024w, https:\/\/elinformanteperu.com\/wp-content\/uploads\/2017\/06\/alianza-u-cruzado2-128x86.jpg 128w, https:\/\/elinformanteperu.com\/wp-content\/uploads\/2017\/06\/alianza-u-cruzado2-32x22.jpg 32w\" sizes=\"(max-width: 1800px) 100vw, 1800px\" \/><\/p>\n","protected":false},"excerpt":{"rendered":"<p>El \u00e1rbitro V\u00edctor Hugo Carrillo, quien dirigi\u00f3 el cl\u00e1sico entre \u00abU\u00bb y Alianza Lima, calific\u00f3 de burla el castigo de dos fechas de suspensi\u00f3n impuesto por la Comisi\u00f3n de Justicia. Lima, 07 Junio 2017, (ANDINA).- El \u00e1rbitro V\u00edctor Hugo Carrillo, quien dirigi\u00f3 el cl\u00e1sico entre \u00abU\u00bb y Alianza Lima, calific\u00f3 de burla el castigo de [&hellip;]<\/p>\n","protected":false},"author":1,"featured_media":11363,"comment_status":"open","ping_status":"open","sticky":false,"template":"","format":"standard","meta":{"rop_custom_images_group":[],"rop_custom_messages_group":[],"rop_publish_now":"initial","rop_publish_now_accounts":[],"rop_publish_now_history":[],"rop_publish_now_status":"pending","footnotes":""},"categories":[8],"tags":[91,143,144,1715],"class_list":["post-11362","post","type-post","status-publish","format-standard","has-post-thumbnail","hentry","category-disciplinas-deportivas","tag-alianza-lima","tag-clasico","tag-universitario-de-deportes","tag-victor-hugo-carrillo"],"_links":{"self":[{"href":"https:\/\/elinformanteperu.com\/index.php\/wp-json\/wp\/v2\/posts\/11362","targetHints":{"allow":["GET"]}}],"collection":[{"href":"https:\/\/elinformanteperu.com\/index.php\/wp-json\/wp\/v2\/posts"}],"about":[{"href":"https:\/\/elinformanteperu.com\/index.php\/wp-json\/wp\/v2\/types\/post"}],"author":[{"embeddable":true,"href":"https:\/\/elinformanteperu.com\/index.php\/wp-json\/wp\/v2\/users\/1"}],"replies":[{"embeddable":true,"href":"https:\/\/elinformanteperu.com\/index.php\/wp-json\/wp\/v2\/comments?post=11362"}],"version-history":[{"count":1,"href":"https:\/\/elinformanteperu.com\/index.php\/wp-json\/wp\/v2\/posts\/11362\/revisions"}],"predecessor-version":[{"id":11364,"href":"https:\/\/elinformanteperu.com\/index.php\/wp-json\/wp\/v2\/posts\/11362\/revisions\/11364"}],"wp:featuredmedia":[{"embeddable":true,"href":"https:\/\/elinformanteperu.com\/index.php\/wp-json\/wp\/v2\/media\/11363"}],"wp:attachment":[{"href":"https:\/\/elinformanteperu.com\/index.php\/wp-json\/wp\/v2\/media?parent=11362"}],"wp:term":[{"taxonomy":"category","embeddable":true,"href":"https:\/\/elinformanteperu.com\/index.php\/wp-json\/wp\/v2\/categories?post=11362"},{"taxonomy":"post_tag","embeddable":true,"href":"https:\/\/elinformanteperu.com\/index.php\/wp-json\/wp\/v2\/tags?post=11362"}],"curies":[{"name":"wp","href":"https:\/\/api.w.org\/{rel}","templated":true}]}}