{"id":113349,"date":"2022-03-26T11:35:42","date_gmt":"2022-03-26T16:35:42","guid":{"rendered":"https:\/\/elinformanteperu.com\/?p=113349"},"modified":"2022-03-26T11:35:42","modified_gmt":"2022-03-26T16:35:42","slug":"ricardo-gareca-somos-una-seleccion-que-reacciona-en-momentos-como-este","status":"publish","type":"post","link":"https:\/\/elinformanteperu.com\/index.php\/2022\/03\/26\/ricardo-gareca-somos-una-seleccion-que-reacciona-en-momentos-como-este\/","title":{"rendered":"Ricardo Gareca: \u00abSomos una selecci\u00f3n que reacciona en momentos como este\u00bb"},"content":{"rendered":"<p><span style=\"color: #000000;\"><strong>Lima, 25 de Marzo 2022, (ANDINA).-<\/strong> El t\u00e9cnico de la selecci\u00f3n peruana, Ricardo Gareca, se mostr\u00f3 tranquilo en la conferencia de prensa posterior al partido en que Per\u00fa cay\u00f3 por 1 a 0 ante su similar de Uruguay, en el reconoci\u00f3 la jerarqu\u00eda charr\u00faa en su m\u00edtico estadio, pero tambi\u00e9n pidi\u00f3 recordar que Per\u00fa ha dado muestras de sobreponerse a estos malos resultados.<\/span><\/p>\n<p><span style=\"color: #000000;\">Con gol del mediocampista del Flamengo, Giorgian Daniel de Arrascaeta, Uruguay logr\u00f3 la clasificaci\u00f3n directa al Mundial de Catar 2022, y dej\u00f3 a la selecci\u00f3n peruana con la necesidad de ganarle a Paraguay para obtener el medio cupo mundialista que se complementar\u00e1 con un repechaje.<\/span><\/p>\n<p><span style=\"color: #000000;\">\u00abDebemos dejar atr\u00e1s este partido, las primeras 24 horas siempre son dif\u00edciles de digerir, pero siempre hemos dado muestras de ser una selecci\u00f3n que reacciona en estos momentos\u00bb, afirm\u00f3 el estratega argentino que asegur\u00f3 que el primer tiempo de la selecci\u00f3n, a pesar del gol, dej\u00f3 una grata impresi\u00f3n.<\/span><\/p>\n<p><span style=\"color: #000000;\">Es por tal motivo, asegur\u00f3, que el cambio de Christian Cueva y Gianluca Lapadula eran necesarios para refrescar la zona de ataque por el inmenso sacrificio desplegado por ambos jugadores.<\/span><\/p>\n<p><span style=\"color: #000000;\">\u00abNo tuvimos mucha claridad en el segundo tiempo, necesit\u00e1bamos piernas frescas, ya que hubo jugadores que hicieron un gran desgaste f\u00edsico en el primer tiempo. Christian [Cueva] hizo un gran partido desde el sacrificio, lo marcaron mucho, y buscamos variantes que nos permitiera ser m\u00e1s agresivo\u00bb, se\u00f1al\u00f3.<\/span><\/p>\n<p><span style=\"color: #000000;\">Pese a la derrota, Gareca asegur\u00f3 dejar Uruguay con la grata sensaci\u00f3n de conformidad por el despliegue peruano, aunque el resultado no es lo que se esperaba al iniciar esta \u00faltima fecha doble.<\/span><\/p>\n<p><span style=\"color: #000000;\">\u00abMe voy no conforme con el resultado, pero s\u00ed con la actitud de Per\u00fa: intentamos jugar dentro de lo que se nos permiti\u00f3\u00bb, asegur\u00f3 para luego a\u00f1adir que la selecci\u00f3n ten\u00eda las expectativas de asegurar la clasificaci\u00f3n directa, pero ante esta derrota siempre queda la opci\u00f3n del repechaje.<\/span><\/p>\n<p><strong><span style=\"color: #000000;\">Carrillo complicado<\/span><\/strong><\/p>\n<p><span style=\"color: #000000;\">Por otro lado, el t\u00e9cnico de la selecci\u00f3n peruana se refiri\u00f3 a la lesi\u00f3n que dej\u00f3 fuera a Andr\u00e9 Carrillo a inicios del segundo tiempo y dej\u00f3 entrever que es muy posible que no est\u00e9 presente frente a Paraguay.<\/span><\/p>\n<p><span style=\"color: #000000;\">\u00abEl caso de Andr\u00e9 est\u00e1 complicado. Pero vamos a esperar, quiz\u00e1 con el transcurrir de los d\u00edas tendremos algo m\u00e1s claro\u00bb, finaliz\u00f3.<\/span><\/p>\n<p><a href=\"https:\/\/elinformanteperu.com\/wp-content\/uploads\/2021\/07\/ricardo-gareca-peru-paraguay.jpg\"><img fetchpriority=\"high\" decoding=\"async\" class=\"size-full wp-image-101473 aligncenter\" src=\"https:\/\/elinformanteperu.com\/wp-content\/uploads\/2021\/07\/ricardo-gareca-peru-paraguay.jpg\" alt=\"\" width=\"1800\" height=\"1200\" srcset=\"https:\/\/elinformanteperu.com\/wp-content\/uploads\/2021\/07\/ricardo-gareca-peru-paraguay.jpg 1800w, https:\/\/elinformanteperu.com\/wp-content\/uploads\/2021\/07\/ricardo-gareca-peru-paraguay-300x200.jpg 300w, https:\/\/elinformanteperu.com\/wp-content\/uploads\/2021\/07\/ricardo-gareca-peru-paraguay-1024x683.jpg 1024w, https:\/\/elinformanteperu.com\/wp-content\/uploads\/2021\/07\/ricardo-gareca-peru-paraguay-768x512.jpg 768w, https:\/\/elinformanteperu.com\/wp-content\/uploads\/2021\/07\/ricardo-gareca-peru-paraguay-1536x1024.jpg 1536w\" sizes=\"(max-width: 1800px) 100vw, 1800px\" \/><\/a><\/p>\n","protected":false},"excerpt":{"rendered":"<p>Lima, 25 de Marzo 2022, (ANDINA).- El t\u00e9cnico de la selecci\u00f3n peruana, Ricardo Gareca, se mostr\u00f3 tranquilo en la conferencia de prensa posterior al partido en que Per\u00fa cay\u00f3 por 1 a 0 ante su similar de Uruguay, en el reconoci\u00f3 la jerarqu\u00eda charr\u00faa en su m\u00edtico estadio, pero tambi\u00e9n pidi\u00f3 recordar que Per\u00fa ha [&hellip;]<\/p>\n","protected":false},"author":1,"featured_media":113350,"comment_status":"closed","ping_status":"closed","sticky":false,"template":"","format":"standard","meta":{"rop_custom_images_group":[],"rop_custom_messages_group":[],"rop_publish_now":"initial","rop_publish_now_accounts":[],"rop_publish_now_history":[],"rop_publish_now_status":"pending","footnotes":""},"categories":[8],"tags":[4431,92,7043],"class_list":["post-113349","post","type-post","status-publish","format-standard","has-post-thumbnail","hentry","category-disciplinas-deportivas","tag-eliminatorias-qatar-2022","tag-ricardo-gareca","tag-uruguay-peru"],"_links":{"self":[{"href":"https:\/\/elinformanteperu.com\/index.php\/wp-json\/wp\/v2\/posts\/113349","targetHints":{"allow":["GET"]}}],"collection":[{"href":"https:\/\/elinformanteperu.com\/index.php\/wp-json\/wp\/v2\/posts"}],"about":[{"href":"https:\/\/elinformanteperu.com\/index.php\/wp-json\/wp\/v2\/types\/post"}],"author":[{"embeddable":true,"href":"https:\/\/elinformanteperu.com\/index.php\/wp-json\/wp\/v2\/users\/1"}],"replies":[{"embeddable":true,"href":"https:\/\/elinformanteperu.com\/index.php\/wp-json\/wp\/v2\/comments?post=113349"}],"version-history":[{"count":1,"href":"https:\/\/elinformanteperu.com\/index.php\/wp-json\/wp\/v2\/posts\/113349\/revisions"}],"predecessor-version":[{"id":113351,"href":"https:\/\/elinformanteperu.com\/index.php\/wp-json\/wp\/v2\/posts\/113349\/revisions\/113351"}],"wp:featuredmedia":[{"embeddable":true,"href":"https:\/\/elinformanteperu.com\/index.php\/wp-json\/wp\/v2\/media\/113350"}],"wp:attachment":[{"href":"https:\/\/elinformanteperu.com\/index.php\/wp-json\/wp\/v2\/media?parent=113349"}],"wp:term":[{"taxonomy":"category","embeddable":true,"href":"https:\/\/elinformanteperu.com\/index.php\/wp-json\/wp\/v2\/categories?post=113349"},{"taxonomy":"post_tag","embeddable":true,"href":"https:\/\/elinformanteperu.com\/index.php\/wp-json\/wp\/v2\/tags?post=113349"}],"curies":[{"name":"wp","href":"https:\/\/api.w.org\/{rel}","templated":true}]}}