{"id":11323,"date":"2017-06-06T22:54:00","date_gmt":"2017-06-07T03:54:00","guid":{"rendered":"http:\/\/elinformanteperu.com\/?p=11323"},"modified":"2017-06-06T22:54:00","modified_gmt":"2017-06-07T03:54:00","slug":"ministra-martens-la-leche-es-un-producto-basico-para-la-alimentacion-de-los-ninos","status":"publish","type":"post","link":"https:\/\/elinformanteperu.com\/index.php\/2017\/06\/06\/ministra-martens-la-leche-es-un-producto-basico-para-la-alimentacion-de-los-ninos\/","title":{"rendered":"Ministra Martens: la leche es un producto b\u00e1sico para la alimentaci\u00f3n de los ni\u00f1os"},"content":{"rendered":"<p><strong><span style=\"color: #000000;\">La ministra de Educaci\u00f3n, Maril\u00fa Martens, afirm\u00f3 que la leche es un producto b\u00e1sico para la alimentaci\u00f3n de los escolares y dijo todos debemos cuidar la calidad de los alimentos que ellos ingieren.<\/span><\/strong><\/p>\n<p><span style=\"color: #000000;\"><strong>Lima, 06 Junio 2017, (ANDINA).-<\/strong> La ministra de Educaci\u00f3n, Maril\u00fa Martens, afirm\u00f3 que la leche es un producto b\u00e1sico para la alimentaci\u00f3n de los escolares y dijo todos debemos cuidar la calidad de los alimentos que ellos ingieren.<\/span><\/p>\n<p><span style=\"color: #000000;\">Consultada por el caso Pura Vida, la ministra evit\u00f3 referirse directamente a la marca pero dijo que se trabaja para la promoci\u00f3n de la lonchera saludable en las escuelas p\u00fablicas y privadas del pa\u00eds.<\/span><\/p>\n<p><span style=\"color: #000000;\">\u00abDebemos cuidar la calidad y estar atentos sobre lo que deben ingerir o no deben ingerir nuestros estudiantes, por ejemplo desde los kioscos\u00bb, anot\u00f3 en RPP.<\/span><\/p>\n<p><span style=\"color: #000000;\">Finalmente indic\u00f3 que las autoridades deben velar para que haya una correspondencia en la alimentaci\u00f3n que se quiere brindar a los ni\u00f1os y la que finalmente se entrega.<\/span><\/p>\n","protected":false},"excerpt":{"rendered":"<p>La ministra de Educaci\u00f3n, Maril\u00fa Martens, afirm\u00f3 que la leche es un producto b\u00e1sico para la alimentaci\u00f3n de los escolares y dijo todos debemos cuidar la calidad de los alimentos que ellos ingieren. Lima, 06 Junio 2017, (ANDINA).- La ministra de Educaci\u00f3n, Maril\u00fa Martens, afirm\u00f3 que la leche es un producto b\u00e1sico para la alimentaci\u00f3n [&hellip;]<\/p>\n","protected":false},"author":1,"featured_media":2838,"comment_status":"open","ping_status":"open","sticky":false,"template":"","format":"standard","meta":{"rop_custom_images_group":[],"rop_custom_messages_group":[],"rop_publish_now":"initial","rop_publish_now_accounts":[],"rop_publish_now_history":[],"rop_publish_now_status":"pending","footnotes":""},"categories":[10],"tags":[1710,567,1709],"class_list":["post-11323","post","type-post","status-publish","format-standard","has-post-thumbnail","hentry","category-actualidad-municipal","tag-grupo-gloria","tag-marilu-martens","tag-pura-vida"],"_links":{"self":[{"href":"https:\/\/elinformanteperu.com\/index.php\/wp-json\/wp\/v2\/posts\/11323","targetHints":{"allow":["GET"]}}],"collection":[{"href":"https:\/\/elinformanteperu.com\/index.php\/wp-json\/wp\/v2\/posts"}],"about":[{"href":"https:\/\/elinformanteperu.com\/index.php\/wp-json\/wp\/v2\/types\/post"}],"author":[{"embeddable":true,"href":"https:\/\/elinformanteperu.com\/index.php\/wp-json\/wp\/v2\/users\/1"}],"replies":[{"embeddable":true,"href":"https:\/\/elinformanteperu.com\/index.php\/wp-json\/wp\/v2\/comments?post=11323"}],"version-history":[{"count":1,"href":"https:\/\/elinformanteperu.com\/index.php\/wp-json\/wp\/v2\/posts\/11323\/revisions"}],"predecessor-version":[{"id":11324,"href":"https:\/\/elinformanteperu.com\/index.php\/wp-json\/wp\/v2\/posts\/11323\/revisions\/11324"}],"wp:featuredmedia":[{"embeddable":true,"href":"https:\/\/elinformanteperu.com\/index.php\/wp-json\/wp\/v2\/media\/2838"}],"wp:attachment":[{"href":"https:\/\/elinformanteperu.com\/index.php\/wp-json\/wp\/v2\/media?parent=11323"}],"wp:term":[{"taxonomy":"category","embeddable":true,"href":"https:\/\/elinformanteperu.com\/index.php\/wp-json\/wp\/v2\/categories?post=11323"},{"taxonomy":"post_tag","embeddable":true,"href":"https:\/\/elinformanteperu.com\/index.php\/wp-json\/wp\/v2\/tags?post=11323"}],"curies":[{"name":"wp","href":"https:\/\/api.w.org\/{rel}","templated":true}]}}