{"id":113111,"date":"2022-03-16T20:44:31","date_gmt":"2022-03-17T01:44:31","guid":{"rendered":"https:\/\/elinformanteperu.com\/?p=113111"},"modified":"2022-03-16T20:44:31","modified_gmt":"2022-03-17T01:44:31","slug":"cancion-sin-nombre-triunfa-como-mejor-pelicula-peruana-del-2021-en-los-premios-apreci","status":"publish","type":"post","link":"https:\/\/elinformanteperu.com\/index.php\/2022\/03\/16\/cancion-sin-nombre-triunfa-como-mejor-pelicula-peruana-del-2021-en-los-premios-apreci\/","title":{"rendered":"\u201cCanci\u00f3n sin nombre\u201d triunfa como mejor pel\u00edcula peruana  del 2021 en los Premios APRECI"},"content":{"rendered":"<p><span style=\"color: #000000;\"><strong>Lima, 16 de Marzo 2022, (El Informante Per\u00fa).-<\/strong> La cinta \u00abCanci\u00f3n sin nombre\u00bb se convirti\u00f3 en la mejor pel\u00edcula peruana del 2021 en la ceremonia de premiaci\u00f3n de la Asociaci\u00f3n Peruana de Prensa Cinematogr\u00e1fica (APRECI) a las realizaciones m\u00e1s destacadas del cine nacional estrenadas en el \u00faltimo a\u00f1o. Este reconocimiento se suma a las m\u00e1s de 40 distinciones obtenidas por la \u00f3pera prima dirigida por Melina Le\u00f3n en su exitoso recorrido internacional, y que incluyen una nominaci\u00f3n como mejor pel\u00edcula iberoamericana en la reciente 36 edici\u00f3n de los Premios Goya.<\/span><\/p>\n<p><span style=\"color: #000000;\">Se trata de la primera pel\u00edcula peruana dirigida por una mujer en ser estrenada en el Festival de Cine de Cannes (en la secci\u00f3n Quincena de Realizadores del 2019), y en ser seleccionada en los Goya que otorga la Academia de las Artes y las Ciencias Cinematogr\u00e1ficas de Espa\u00f1a. Desde enero de 2021 forma parte del cat\u00e1logo de la plataforma Netflix.<\/span><\/p>\n<p><span style=\"color: #000000;\">La pel\u00edcula venci\u00f3 adem\u00e1s en la categor\u00eda de mejor actor principal que gan\u00f3 Tommy P\u00e1rraga, por su papel del periodista Pedro Campos quien intenta descubrir una red de tr\u00e1fico de menores en medio de la indiferencia e injusticia de su sociedad.<\/span><\/p>\n<p><a href=\"https:\/\/elinformanteperu.com\/wp-content\/uploads\/2022\/03\/apreci-2022-2.jpg\"><img fetchpriority=\"high\" decoding=\"async\" class=\"size-full wp-image-113113 aligncenter\" src=\"https:\/\/elinformanteperu.com\/wp-content\/uploads\/2022\/03\/apreci-2022-2.jpg\" alt=\"\" width=\"1600\" height=\"1200\" srcset=\"https:\/\/elinformanteperu.com\/wp-content\/uploads\/2022\/03\/apreci-2022-2.jpg 1600w, https:\/\/elinformanteperu.com\/wp-content\/uploads\/2022\/03\/apreci-2022-2-300x225.jpg 300w, https:\/\/elinformanteperu.com\/wp-content\/uploads\/2022\/03\/apreci-2022-2-1024x768.jpg 1024w, https:\/\/elinformanteperu.com\/wp-content\/uploads\/2022\/03\/apreci-2022-2-768x576.jpg 768w, https:\/\/elinformanteperu.com\/wp-content\/uploads\/2022\/03\/apreci-2022-2-1536x1152.jpg 1536w\" sizes=\"(max-width: 1600px) 100vw, 1600px\" \/><\/a><span style=\"color: #000000;\">Los miembros de la APRECI destacaron en \u201cCanci\u00f3n sin nombre\u201d su sensibilidad art\u00edstica al retratar el Per\u00fa de finales de los a\u00f1os 80 como una sociedad kafkiana y sin esperanza, pero en donde afloran destellos de belleza, con un sentido est\u00e9tico y \u00e9tico alejados de cualquier sensacionalismo, valores que se expresan en su direcci\u00f3n e impecable factura t\u00e9cnica.<\/span><\/p>\n<p><span style=\"color: #000000;\">Ambientada en la \u00e9poca del primer gobierno del expresidente Alan Garc\u00eda y en el auge del terrorismo desatado por Sendero Luminoso y el MRTA, \u00abCanci\u00f3n sin nombre\u00bb cuenta la historia de Georgina Condori (Pamela Mendoza), una mujer andina cuya hija reci\u00e9n nacida le es arrebatada con enga\u00f1os y la b\u00fasqueda que emprende con ayuda de un joven periodista.<\/span><\/p>\n<p><span style=\"color: #000000;\">En otras categor\u00edas, la pel\u00edcula \u201cLXI (61)\u00bb de Rodrigo Moreno del Valle fue la m\u00e1s galardonada con tres trofeos APRECI por mejor guion (coescrito por el director e Illary Alencastre), mejor actor de reparto (Rodrigo Palacios) y mejor actriz de reparto (Cynthia Moreno).<\/span><\/p>\n<p><span style=\"color: #000000;\">\u201cLXI (61)\u00bb es un relato coral, \u00edntimo y nocturno sobre la amistad y el desencanto generacional de un grupo de j\u00f3venes adultos de la clase media lime\u00f1a, en cuyas tensas relaciones se entreven las secuelas de una etapa marcada por la violencia estructural y la desconexi\u00f3n social, y que se proyectan a nuestros d\u00edas.<\/span><\/p>\n<p><a href=\"https:\/\/elinformanteperu.com\/wp-content\/uploads\/2022\/03\/apreci-2022-1.jpg\"><img decoding=\"async\" class=\"size-full wp-image-113114 aligncenter\" src=\"https:\/\/elinformanteperu.com\/wp-content\/uploads\/2022\/03\/apreci-2022-1.jpg\" alt=\"\" width=\"1900\" height=\"1059\" srcset=\"https:\/\/elinformanteperu.com\/wp-content\/uploads\/2022\/03\/apreci-2022-1.jpg 1900w, https:\/\/elinformanteperu.com\/wp-content\/uploads\/2022\/03\/apreci-2022-1-300x167.jpg 300w, https:\/\/elinformanteperu.com\/wp-content\/uploads\/2022\/03\/apreci-2022-1-1024x571.jpg 1024w, https:\/\/elinformanteperu.com\/wp-content\/uploads\/2022\/03\/apreci-2022-1-768x428.jpg 768w, https:\/\/elinformanteperu.com\/wp-content\/uploads\/2022\/03\/apreci-2022-1-1536x856.jpg 1536w\" sizes=\"(max-width: 1900px) 100vw, 1900px\" \/><\/a><span style=\"color: #000000;\">En la categor\u00eda de mejor actriz principal triunf\u00f3 Rafaella Mey por \u201cAutoer\u00f3tica\u201d, opera prima de la directora Andrea Hoyos. La cr\u00edtica destac\u00f3 en su debut actoral la verosimilitud con la que encarna a una adolescente que crece y se descubre dentro un entorno de v\u00ednculos femeninos en donde afloran con sutileza la sororidad y el despertar sexual.<\/span><\/p>\n<p><span style=\"color: #000000;\">Como mejor documental peruano result\u00f3 ganador \u201cDe todas las cosas que se han de saber\u201d de Sof\u00eda Vel\u00e1zquez, en m\u00e9rito a su peculiar acercamiento a la obra y legado del poeta peruano C\u00e9sar Vallejo, desde una mirada h\u00edbrida y l\u00fadica que muestra los entretelones de la creaci\u00f3n f\u00edlmica, y contando con la complicidad de los habitantes de Santiago de Chuco, cuna del autor de \u201cLos heraldos negros\u201d.<\/span><\/p>\n<p><span style=\"color: #000000;\">Asimismo \u201cAnnette\u201d, el desgarrador y at\u00edpico musical del cineasta franc\u00e9s Leos Carax premiado como mejor director en Cannes 2021, mereci\u00f3 el reconocimiento de la APRECI como el mejor estreno internacional en la cartelera peruana. Recibieron los premios Marc Giacomini, embajador de Francia en Per\u00fa, y \u00c1lvaro Sedano, gerente de programaci\u00f3n de Cineplanet, que hizo posible el estreno de la pel\u00edcula en Per\u00fa.<\/span><\/p>\n<p><span style=\"color: #000000;\">La premiaci\u00f3n se realiz\u00f3 en la sala de cine Armando Robles Godoy del Ministerio de Cultura en San Borja, con la presencia de personalidades del cine nacional y autoridades, como la viceministra de Patrimonio Cultural e Industrias Culturales del sector, Sonaly Tuesta.<\/span><\/p>\n<p><span style=\"color: #000000;\">La APRECI, afiliada a la Federaci\u00f3n Internacional de Prensa Cinematogr\u00e1fica (Fipresci), instaur\u00f3 en 2009 la entrega de sus premios para contribuir al impulso y reconocimiento del cine peruano de calidad. Pel\u00edculas como \u00abLa teta asustada\u00bb, \u201cPara\u00edso\u201d, \u00abLas malas intenciones\u00bb, \u00abChicama\u00bb, \u201cEl espacio entre las cosas\u201d, \u00abEl Mudo\u00bb, \u201cNN\u201d, \u201cVideofilia\u201d, \u00abRosa Chumbe\u00bb, \u00abWi\u00f1aypacha\u00bb, \u201cRetablo\u201d, \u201cManco C\u00e1pac\u201d, entre otras han sido elegidas y premiadas por los miembros de la asociaci\u00f3n.<\/span><\/p>\n<p><strong><span style=\"color: #000000;\">PALMAR\u00c9S<\/span><\/strong><\/p>\n<p><span style=\"color: #000000;\"><strong>Mejor pel\u00edcula:<\/strong> Canci\u00f3n sin nombre, de Melina Le\u00f3n<\/span><br \/>\n<span style=\"color: #000000;\"><strong>Mejor guion:<\/strong> LXI (61), de Rodrigo Moreno del Valle e Illary Alencastre<\/span><br \/>\n<span style=\"color: #000000;\"><strong>Mejor actor:<\/strong> Tommy P\u00e1rraga, por Canci\u00f3n sin nombre<\/span><br \/>\n<span style=\"color: #000000;\"><strong>Mejor actor de reparto:<\/strong> Rodrigo Palacios, por LXI (61)<\/span><br \/>\n<span style=\"color: #000000;\"><strong>Mejor actriz:<\/strong> Rafaella Mey, por Autoer\u00f3tica<\/span><br \/>\n<span style=\"color: #000000;\"><strong>Mejor actriz de reparto:<\/strong> Cynthia Moreno, por LXI (61)<\/span><br \/>\n<span style=\"color: #000000;\"><strong>Mejor documental:<\/strong> De todas las cosas que se han de saber, de Sof\u00eda Vel\u00e1zquez<\/span><br \/>\n<span style=\"color: #000000;\"><strong>Mejor estreno internacional en cartelera peruana:<\/strong> Annette, de Leos Carax (Francia)<\/span><\/p>\n<p><a href=\"https:\/\/elinformanteperu.com\/wp-content\/uploads\/2022\/03\/apreci-2022-3.jpg\"><img decoding=\"async\" class=\"size-full wp-image-113115 aligncenter\" src=\"https:\/\/elinformanteperu.com\/wp-content\/uploads\/2022\/03\/apreci-2022-3.jpg\" alt=\"\" width=\"2048\" height=\"1536\" srcset=\"https:\/\/elinformanteperu.com\/wp-content\/uploads\/2022\/03\/apreci-2022-3.jpg 2048w, https:\/\/elinformanteperu.com\/wp-content\/uploads\/2022\/03\/apreci-2022-3-300x225.jpg 300w, https:\/\/elinformanteperu.com\/wp-content\/uploads\/2022\/03\/apreci-2022-3-1024x768.jpg 1024w, https:\/\/elinformanteperu.com\/wp-content\/uploads\/2022\/03\/apreci-2022-3-768x576.jpg 768w, https:\/\/elinformanteperu.com\/wp-content\/uploads\/2022\/03\/apreci-2022-3-1536x1152.jpg 1536w\" sizes=\"(max-width: 2048px) 100vw, 2048px\" \/><\/a><\/p>\n","protected":false},"excerpt":{"rendered":"<p>Lima, 16 de Marzo 2022, (El Informante Per\u00fa).- La cinta \u00abCanci\u00f3n sin nombre\u00bb se convirti\u00f3 en la mejor pel\u00edcula peruana del 2021 en la ceremonia de premiaci\u00f3n de la Asociaci\u00f3n Peruana de Prensa Cinematogr\u00e1fica (APRECI) a las realizaciones m\u00e1s destacadas del cine nacional estrenadas en el \u00faltimo a\u00f1o. Este reconocimiento se suma a las m\u00e1s [&hellip;]<\/p>\n","protected":false},"author":1,"featured_media":113112,"comment_status":"closed","ping_status":"closed","sticky":false,"template":"","format":"standard","meta":{"rop_custom_images_group":[],"rop_custom_messages_group":[],"rop_publish_now":"initial","rop_publish_now_accounts":[],"rop_publish_now_history":[],"rop_publish_now_status":"pending","footnotes":""},"categories":[7],"tags":[494,5304,6438,7079],"class_list":["post-113111","post","type-post","status-publish","format-standard","has-post-thumbnail","hentry","category-butaca","tag-apreci","tag-apreci-2020","tag-apreci-2021","tag-apreci-2022"],"_links":{"self":[{"href":"https:\/\/elinformanteperu.com\/index.php\/wp-json\/wp\/v2\/posts\/113111","targetHints":{"allow":["GET"]}}],"collection":[{"href":"https:\/\/elinformanteperu.com\/index.php\/wp-json\/wp\/v2\/posts"}],"about":[{"href":"https:\/\/elinformanteperu.com\/index.php\/wp-json\/wp\/v2\/types\/post"}],"author":[{"embeddable":true,"href":"https:\/\/elinformanteperu.com\/index.php\/wp-json\/wp\/v2\/users\/1"}],"replies":[{"embeddable":true,"href":"https:\/\/elinformanteperu.com\/index.php\/wp-json\/wp\/v2\/comments?post=113111"}],"version-history":[{"count":1,"href":"https:\/\/elinformanteperu.com\/index.php\/wp-json\/wp\/v2\/posts\/113111\/revisions"}],"predecessor-version":[{"id":113116,"href":"https:\/\/elinformanteperu.com\/index.php\/wp-json\/wp\/v2\/posts\/113111\/revisions\/113116"}],"wp:featuredmedia":[{"embeddable":true,"href":"https:\/\/elinformanteperu.com\/index.php\/wp-json\/wp\/v2\/media\/113112"}],"wp:attachment":[{"href":"https:\/\/elinformanteperu.com\/index.php\/wp-json\/wp\/v2\/media?parent=113111"}],"wp:term":[{"taxonomy":"category","embeddable":true,"href":"https:\/\/elinformanteperu.com\/index.php\/wp-json\/wp\/v2\/categories?post=113111"},{"taxonomy":"post_tag","embeddable":true,"href":"https:\/\/elinformanteperu.com\/index.php\/wp-json\/wp\/v2\/tags?post=113111"}],"curies":[{"name":"wp","href":"https:\/\/api.w.org\/{rel}","templated":true}]}}