{"id":113103,"date":"2022-03-16T00:36:43","date_gmt":"2022-03-16T05:36:43","guid":{"rendered":"https:\/\/elinformanteperu.com\/?p=113103"},"modified":"2022-03-16T00:36:43","modified_gmt":"2022-03-16T05:36:43","slug":"anibal-torres-presidente-declino-adelantar-elecciones-por-concertar-con-el-congreso","status":"publish","type":"post","link":"https:\/\/elinformanteperu.com\/index.php\/2022\/03\/16\/anibal-torres-presidente-declino-adelantar-elecciones-por-concertar-con-el-congreso\/","title":{"rendered":"An\u00edbal Torres: Presidente declin\u00f3 adelantar elecciones por concertar con el Congreso"},"content":{"rendered":"<p><span style=\"color: #000000;\"><strong>Lima, 15 de Marzo 2022, (ANDINA).-<\/strong> El jefe del Gabinete, An\u00edbal Torres, afirm\u00f3 que el presidente de la Rep\u00fablica declin\u00f3 de anunciar el proyecto de ley para adelantar las elecciones generales, con la finalidad de lograr un \u00faltimo intento de concertar con la distintas fuerzas pol\u00edticas del Congreso.<\/span><\/p>\n<p><span style=\"color: #000000;\">En conferencia de prensa realizada en el Patio de Honor de Palacio de Gobierno, indic\u00f3 que la incertidumbre pol\u00edtica est\u00e1 causando mucho da\u00f1o al pa\u00eds; por esta raz\u00f3n, prosigui\u00f3, se hab\u00eda pensado en esta propuesta.<\/span><\/p>\n<p><span style=\"color: #000000;\">\u00abPero luego, analizando la situaci\u00f3n, el presidente dijo: nosotros somos dem\u00f3cratas, hagamos el \u00faltimo intento de concertar con las distintas fuerzas en el Congreso, puede ser que lo logremos, no perdamos la esperanza doctor, me dijo\u00bb, indic\u00f3.<\/span><\/p>\n<p><span style=\"color: #000000;\">Asimismo, Torres le expres\u00f3 su acuerdo para hacer un \u00faltimo intento, lo que finalmente ocurri\u00f3 pues dicho proyecto de ley no fue incluido en el mensaje dirigido ante el Parlamento Nacional, coment\u00f3.<\/span><\/p>\n<p><span style=\"color: #000000;\">\u00abYo conf\u00edo en la buena fe de los congresistas, de los partidos de oposici\u00f3n, nadie dice que no sean de oposici\u00f3n, ellos pueden seguir siendo oposici\u00f3n y pueden seguir con su actividad fiscalizadora, pero como pidi\u00f3 el presidente, que no se haga con abuso de derecho pues est\u00e1 proscrito por la Constituci\u00f3n\u00bb, refiri\u00f3.<\/span><\/p>\n<p><span style=\"color: #000000;\">Adem\u00e1s, a\u00f1adi\u00f3 que todas las acciones que realiza el Ejecutivo no se desarrollan haciendo c\u00e1lculos de alg\u00fan tipo, sino que se pone al Per\u00fa por delante de cualquier inter\u00e9s, ya sea individual o de grupo.<\/span><\/p>\n<p><span style=\"color: #000000;\">En otro momento, el jefe del Gabinete Ministerial se\u00f1al\u00f3 que el presidente de la Rep\u00fablica hizo un recuento de obras, resalt\u00f3 los avances conseguidos en el combate a la pandemia, donde el Per\u00fa est\u00e1 al mismo nivel de los pa\u00edses adelantados.<\/span><\/p>\n<p><span style=\"color: #000000;\">\u00abFue un discurso en donde el presidente de la Rep\u00fablica ha analizado y mencionado lo que se ha hecho hasta ahora, no todo pero la mayor\u00eda. A su vez ha mencionado lo que vamos a hacer m\u00e1s adelante\u00bb, agreg\u00f3.<\/span><\/p>\n<p><span style=\"color: #000000;\">De otro lado, asegur\u00f3 que es necesario \u00abtrabajar todos juntos\u00bb por el pa\u00eds, pero, remarc\u00f3, hacer una labor honesta, sin calumnias ni difamaciones.<\/span><\/p>\n<p><span style=\"color: #000000;\">\u00abEsperamos que en adelante trabajemos conjuntamente Congreso, Ejecutivo, Poder Judicial y todas las instituciones unidas para emprender el desarrollo de nuestro pa\u00eds\u00bb, dijo.<\/span><\/p>\n<blockquote class=\"twitter-tweet\">\n<p dir=\"ltr\" lang=\"es\">Premier <a href=\"https:\/\/twitter.com\/anibaltorresv?ref_src=twsrc%5Etfw\">@anibaltorresv<\/a> sobre mensaje del presidente Castillo en el Congreso: Fue un discurso en donde el presidente de la Rep\u00fablica ha analizado y mencionado lo que se ha hecho hasta ahora, no todo pero la mayor\u00eda. A su vez ha mencionado lo que vamos a hacer m\u00e1s adelante. <a href=\"https:\/\/t.co\/821Q8jfil5\">pic.twitter.com\/821Q8jfil5<\/a><\/p>\n<p>\u2014 Consejo de Ministros (@pcmperu) <a href=\"https:\/\/twitter.com\/pcmperu\/status\/1503902650814939137?ref_src=twsrc%5Etfw\">March 16, 2022<\/a><\/p><\/blockquote>\n<p><script async src=\"https:\/\/platform.twitter.com\/widgets.js\" charset=\"utf-8\"><\/script><\/p>\n","protected":false},"excerpt":{"rendered":"<p>Lima, 15 de Marzo 2022, (ANDINA).- El jefe del Gabinete, An\u00edbal Torres, afirm\u00f3 que el presidente de la Rep\u00fablica declin\u00f3 de anunciar el proyecto de ley para adelantar las elecciones generales, con la finalidad de lograr un \u00faltimo intento de concertar con la distintas fuerzas pol\u00edticas del Congreso. En conferencia de prensa realizada en el [&hellip;]<\/p>\n","protected":false},"author":1,"featured_media":113104,"comment_status":"closed","ping_status":"closed","sticky":false,"template":"","format":"standard","meta":{"rop_custom_images_group":[],"rop_custom_messages_group":[],"rop_publish_now":"initial","rop_publish_now_accounts":[],"rop_publish_now_history":[],"rop_publish_now_status":"pending","footnotes":""},"categories":[5,5745],"tags":[6582,189,2317],"class_list":["post-113103","post","type-post","status-publish","format-standard","has-post-thumbnail","hentry","category-actualidad-informativa","category-lo-ultimo","tag-anibal-torres","tag-pcm","tag-presidencia-del-consejo-de-ministros"],"_links":{"self":[{"href":"https:\/\/elinformanteperu.com\/index.php\/wp-json\/wp\/v2\/posts\/113103","targetHints":{"allow":["GET"]}}],"collection":[{"href":"https:\/\/elinformanteperu.com\/index.php\/wp-json\/wp\/v2\/posts"}],"about":[{"href":"https:\/\/elinformanteperu.com\/index.php\/wp-json\/wp\/v2\/types\/post"}],"author":[{"embeddable":true,"href":"https:\/\/elinformanteperu.com\/index.php\/wp-json\/wp\/v2\/users\/1"}],"replies":[{"embeddable":true,"href":"https:\/\/elinformanteperu.com\/index.php\/wp-json\/wp\/v2\/comments?post=113103"}],"version-history":[{"count":1,"href":"https:\/\/elinformanteperu.com\/index.php\/wp-json\/wp\/v2\/posts\/113103\/revisions"}],"predecessor-version":[{"id":113105,"href":"https:\/\/elinformanteperu.com\/index.php\/wp-json\/wp\/v2\/posts\/113103\/revisions\/113105"}],"wp:featuredmedia":[{"embeddable":true,"href":"https:\/\/elinformanteperu.com\/index.php\/wp-json\/wp\/v2\/media\/113104"}],"wp:attachment":[{"href":"https:\/\/elinformanteperu.com\/index.php\/wp-json\/wp\/v2\/media?parent=113103"}],"wp:term":[{"taxonomy":"category","embeddable":true,"href":"https:\/\/elinformanteperu.com\/index.php\/wp-json\/wp\/v2\/categories?post=113103"},{"taxonomy":"post_tag","embeddable":true,"href":"https:\/\/elinformanteperu.com\/index.php\/wp-json\/wp\/v2\/tags?post=113103"}],"curies":[{"name":"wp","href":"https:\/\/api.w.org\/{rel}","templated":true}]}}