{"id":113100,"date":"2022-03-16T00:32:45","date_gmt":"2022-03-16T05:32:45","guid":{"rendered":"https:\/\/elinformanteperu.com\/?p=113100"},"modified":"2022-03-16T00:32:45","modified_gmt":"2022-03-16T05:32:45","slug":"presidente-castillo-viaja-a-pataz-para-verificar-zona-afectada-por-deslizamiento","status":"publish","type":"post","link":"https:\/\/elinformanteperu.com\/index.php\/2022\/03\/16\/presidente-castillo-viaja-a-pataz-para-verificar-zona-afectada-por-deslizamiento\/","title":{"rendered":"Presidente Castillo viaja a Pataz para verificar zona afectada por deslizamiento"},"content":{"rendered":"<p><span style=\"color: #000000;\"><strong>Lima, 15 de Marzo 2022, (ANDINA).-<\/strong> El presidente de la Rep\u00fablica, Pedro Castillo, anunci\u00f3 que, tras haber acudido al Congreso para dar un mensaje, se dirige a la provincia de Pataz, con la finalidad de veirificar la zona afectada por un deslizamiento de tierras que ocurri\u00f3 en esta parte del pa\u00eds.<\/span><\/p>\n<p><span style=\"color: #000000;\">\u00abDespu\u00e9s de haber cumplido con el mensaje al pueblo peruano desde el Congreso, me dirijo a la provincia de Pataz para verificar in situ la zona afectada por el siniestro ocurrido esta ma\u00f1ana. El Gobierno del pueblo estar\u00e1 presente en el momento en que la ciudadan\u00eda m\u00e1s lo requiere\u00bb, escribi\u00f3 en su cuenta oficial de Twitter.<\/span><\/p>\n<p><span style=\"color: #000000;\">Como se recuerda, esta ma\u00f1ana se produjo un deslizamiento, producto de las lluvias intensas, de una parte del cerro La Esperanza, que cay\u00f3 sobre el centro poblado Retamas, ubicado en el distrito de Parcoy (La Libertad).<\/span><\/p>\n<p><span style=\"color: #000000;\">Los primeros reportes hablan de desaparecidos, entre ellos tres menores de edad, adem\u00e1s de entre 60 a 80 viviendas que habr\u00edan terminado sepultadas por el deslizamiento.<\/span><\/p>\n<p><span style=\"color: #000000;\">Durante su mensaje ante el Congreso de la Rep\u00fablica, el jefe de Estado expres\u00f3 su solidaridad con las familias afectadas.<\/span><\/p>\n<blockquote class=\"twitter-tweet\">\n<p dir=\"ltr\" lang=\"es\">Despu\u00e9s de haber cumplido con el mensaje al pueblo peruano desde el Congreso, me dirijo a la provincia de Pataz para verificar in situ la zona afectada por el siniestro ocurrido esta ma\u00f1ana. El <a href=\"https:\/\/twitter.com\/hashtag\/GobiernoDelPueblo?src=hash&amp;ref_src=twsrc%5Etfw\">#GobiernoDelPueblo<\/a> estar\u00e1 presente en el momento en que la ciudadan\u00eda m\u00e1s lo requiere.<\/p>\n<p>\u2014 Pedro Castillo Terrones (@PedroCastilloTe) <a href=\"https:\/\/twitter.com\/PedroCastilloTe\/status\/1503883139051139075?ref_src=twsrc%5Etfw\">March 15, 2022<\/a><\/p><\/blockquote>\n<p><script async src=\"https:\/\/platform.twitter.com\/widgets.js\" charset=\"utf-8\"><\/script><\/p>\n","protected":false},"excerpt":{"rendered":"<p>Lima, 15 de Marzo 2022, (ANDINA).- El presidente de la Rep\u00fablica, Pedro Castillo, anunci\u00f3 que, tras haber acudido al Congreso para dar un mensaje, se dirige a la provincia de Pataz, con la finalidad de veirificar la zona afectada por un deslizamiento de tierras que ocurri\u00f3 en esta parte del pa\u00eds. \u00abDespu\u00e9s de haber cumplido [&hellip;]<\/p>\n","protected":false},"author":1,"featured_media":113101,"comment_status":"closed","ping_status":"closed","sticky":false,"template":"","format":"standard","meta":{"rop_custom_images_group":[],"rop_custom_messages_group":[],"rop_publish_now":"initial","rop_publish_now_accounts":[],"rop_publish_now_history":[],"rop_publish_now_status":"pending","footnotes":""},"categories":[5],"tags":[7078,2092],"class_list":["post-113100","post","type-post","status-publish","format-standard","has-post-thumbnail","hentry","category-actualidad-informativa","tag-pataz","tag-pedro-castillo"],"_links":{"self":[{"href":"https:\/\/elinformanteperu.com\/index.php\/wp-json\/wp\/v2\/posts\/113100","targetHints":{"allow":["GET"]}}],"collection":[{"href":"https:\/\/elinformanteperu.com\/index.php\/wp-json\/wp\/v2\/posts"}],"about":[{"href":"https:\/\/elinformanteperu.com\/index.php\/wp-json\/wp\/v2\/types\/post"}],"author":[{"embeddable":true,"href":"https:\/\/elinformanteperu.com\/index.php\/wp-json\/wp\/v2\/users\/1"}],"replies":[{"embeddable":true,"href":"https:\/\/elinformanteperu.com\/index.php\/wp-json\/wp\/v2\/comments?post=113100"}],"version-history":[{"count":1,"href":"https:\/\/elinformanteperu.com\/index.php\/wp-json\/wp\/v2\/posts\/113100\/revisions"}],"predecessor-version":[{"id":113102,"href":"https:\/\/elinformanteperu.com\/index.php\/wp-json\/wp\/v2\/posts\/113100\/revisions\/113102"}],"wp:featuredmedia":[{"embeddable":true,"href":"https:\/\/elinformanteperu.com\/index.php\/wp-json\/wp\/v2\/media\/113101"}],"wp:attachment":[{"href":"https:\/\/elinformanteperu.com\/index.php\/wp-json\/wp\/v2\/media?parent=113100"}],"wp:term":[{"taxonomy":"category","embeddable":true,"href":"https:\/\/elinformanteperu.com\/index.php\/wp-json\/wp\/v2\/categories?post=113100"},{"taxonomy":"post_tag","embeddable":true,"href":"https:\/\/elinformanteperu.com\/index.php\/wp-json\/wp\/v2\/tags?post=113100"}],"curies":[{"name":"wp","href":"https:\/\/api.w.org\/{rel}","templated":true}]}}