{"id":113017,"date":"2022-03-12T01:16:48","date_gmt":"2022-03-12T06:16:48","guid":{"rendered":"https:\/\/elinformanteperu.com\/?p=113017"},"modified":"2022-03-12T01:16:48","modified_gmt":"2022-03-12T06:16:48","slug":"midis-reconoce-a-mujeres-que-promueven-empoderamiento-femenino-en-comunidades-de-la-sierra-y-la-selva","status":"publish","type":"post","link":"https:\/\/elinformanteperu.com\/index.php\/2022\/03\/12\/midis-reconoce-a-mujeres-que-promueven-empoderamiento-femenino-en-comunidades-de-la-sierra-y-la-selva\/","title":{"rendered":"Midis reconoce a mujeres que promueven empoderamiento femenino en comunidades de la sierra y la selva"},"content":{"rendered":"<p><strong><span style=\"color: #000000;\">Viceministro de Prestaciones Sociales resalt\u00f3 el trabajo que desarrollan gestoras y monitoras del programa PAIS, a trav\u00e9s de los Tambos.<\/span><\/strong><\/p>\n<p><span style=\"color: #000000;\"><strong>Lima, 11 de Marzo 2022, (El Informante Per\u00fa).-<\/strong> El Ministerio de Desarrollo e Inclusi\u00f3n Social (Midis) reconoci\u00f3 la labor que vienen desempe\u00f1ando seis representantes del Programa Nacional PAIS quienes, junto a lideresas de comunidades rurales, impulsan el desarrollo femenino, la igualdad de g\u00e9nero y el cierre de brechas sociales en zonas alejadas de la sierra y selva.<\/span><\/p>\n<p><span style=\"color: #000000;\">Durante una ceremonia virtual, denominada \u2018Mujeres que empoderan mujeres\u2019, el viceministro de Prestaciones Sociales, William Contreras, junto a la directora ejecutiva del programa PAIS, Catalina Horna, destac\u00f3 la dedicaci\u00f3n y el empe\u00f1o de las gestoras institucionales y monitoras de los Tambos para mejorar la calidad de vida de la comunidad.<\/span><\/p>\n<p><span style=\"color: #000000;\">\u201cHoy reconocemos la labor que vienen ejerciendo para acercar los servicios del Estado a todas las mujeres que a\u00fan se encuentran en la pobreza y extrema pobreza. A trav\u00e9s de ustedes contribuimos a que no se sientan solas, que todas y todos tenemos el compromiso firme de hacer el esfuerzo necesario para que puedan salir adelante desde sus comunidades rurales y nativas\u201d, expres\u00f3 el viceministro Contreras.<\/span><\/p>\n<p><span style=\"color: #000000;\">Para esta distinci\u00f3n, se promovi\u00f3 la participaci\u00f3n de m\u00e1s de 40 gestoras que, a trav\u00e9s de un trabajo articulado, empoderaron a ni\u00f1as, j\u00f3venes y adultas mayores. Las categor\u00edas estuvieron relacionadas a temas de salud, educaci\u00f3n, justicia y desarrollo productivo.<\/span><\/p>\n<p><a href=\"https:\/\/elinformanteperu.com\/wp-content\/uploads\/2022\/03\/midis-reconocimiento-a-mujeres1.jpg\"><img fetchpriority=\"high\" decoding=\"async\" class=\"size-full wp-image-113019 aligncenter\" src=\"https:\/\/elinformanteperu.com\/wp-content\/uploads\/2022\/03\/midis-reconocimiento-a-mujeres1.jpg\" alt=\"\" width=\"594\" height=\"456\" srcset=\"https:\/\/elinformanteperu.com\/wp-content\/uploads\/2022\/03\/midis-reconocimiento-a-mujeres1.jpg 594w, https:\/\/elinformanteperu.com\/wp-content\/uploads\/2022\/03\/midis-reconocimiento-a-mujeres1-300x230.jpg 300w\" sizes=\"(max-width: 594px) 100vw, 594px\" \/><\/a><span style=\"color: #000000;\">Madeleine Ramos, monitora regional de Loreto, fue distinguida por su labor en la provincia loretana de Putumayo, debido a que, en lo peor de la pandemia, concientiz\u00f3 sobre la importancia del uso de la mascarilla y la posibilidad de que 300 mujeres inicien un emprendimiento en comunidades cercanas a la frontera con Ecuador.<\/span><\/p>\n<p><span style=\"color: #000000;\">Ani Mamani, gestora del Tambo Chalhuanca, en Arequipa, contribuy\u00f3 a que 33 usuarias del distrito de Yanque aprendan tejedur\u00eda, dise\u00f1o, corte y confecci\u00f3n. Tras capacitarse, formaron la asociaci\u00f3n \u201cMujeres Artesanas Tejiendo Esperanza\u201d.<\/span><\/p>\n<p><span style=\"color: #000000;\">Gladys Cas\u00f3s y Luzmila Mamani, gestoras de los Tambos Pukaccasa y Chaupiayllu, en Puno y Cusco, respectivamente, identificaron en sus comunidades la necesidad de acceder a diversos servicios judiciales para resolver casos de denuncia por abandono de hogar, violencia familiar y la titulaci\u00f3n de propiedades en litigio.<\/span><\/p>\n<p><span style=\"color: #000000;\">Judith Trujillo, gestora del Tambo Quio, y Mar\u00eda Herrera, lideresa comunal en la regi\u00f3n Hu\u00e1nuco, capacitar de manera conjunta a m\u00e1s de 500 mujeres con el fin de fortalecer sus conocimientos en artesan\u00eda, en el distrito de Cayna. Tambi\u00e9n se reconoci\u00f3 a Yulissa D\u00edaz, gestora del Tambo Anansayocc, y a Roc\u00edo Sarmiento, lideresa comunal en Apur\u00edmac, quienes impulsaron el crecimiento de la Asociaci\u00f3n de Makipurallaqtas en el distrito de Ocobamba.<\/span><\/p>\n<p><span style=\"color: #000000;\">En la semana de conmemoraci\u00f3n del D\u00eda Internacional de la Mujer, el programa PAIS destac\u00f3 que son 357 841 mujeres de comunidades rurales y nativas de la sierra y la selva, las que han accedido en el 2021 a m\u00e1s de 1.8 millones de atenciones multisectoriales a trav\u00e9s de los Tambos y las Plataformas Itinerantes de Acci\u00f3n Social (PIAS), para el empoderamiento de la mujer y la igualdad de g\u00e9nero.<\/span><\/p>\n<p><a href=\"https:\/\/elinformanteperu.com\/wp-content\/uploads\/2022\/03\/midis-reconocimiento-a-mujeres2.jpg\"><img decoding=\"async\" class=\"size-full wp-image-113020 aligncenter\" src=\"https:\/\/elinformanteperu.com\/wp-content\/uploads\/2022\/03\/midis-reconocimiento-a-mujeres2.jpg\" alt=\"\" width=\"679\" height=\"453\" srcset=\"https:\/\/elinformanteperu.com\/wp-content\/uploads\/2022\/03\/midis-reconocimiento-a-mujeres2.jpg 679w, https:\/\/elinformanteperu.com\/wp-content\/uploads\/2022\/03\/midis-reconocimiento-a-mujeres2-300x200.jpg 300w\" sizes=\"(max-width: 679px) 100vw, 679px\" \/><\/a><\/p>\n","protected":false},"excerpt":{"rendered":"<p>Viceministro de Prestaciones Sociales resalt\u00f3 el trabajo que desarrollan gestoras y monitoras del programa PAIS, a trav\u00e9s de los Tambos. Lima, 11 de Marzo 2022, (El Informante Per\u00fa).- El Ministerio de Desarrollo e Inclusi\u00f3n Social (Midis) reconoci\u00f3 la labor que vienen desempe\u00f1ando seis representantes del Programa Nacional PAIS quienes, junto a lideresas de comunidades rurales, [&hellip;]<\/p>\n","protected":false},"author":1,"featured_media":113018,"comment_status":"closed","ping_status":"closed","sticky":false,"template":"","format":"standard","meta":{"rop_custom_images_group":[],"rop_custom_messages_group":[],"rop_publish_now":"initial","rop_publish_now_accounts":[],"rop_publish_now_history":[],"rop_publish_now_status":"pending","footnotes":""},"categories":[10],"tags":[153,6392],"class_list":["post-113017","post","type-post","status-publish","format-standard","has-post-thumbnail","hentry","category-actualidad-municipal","tag-midis","tag-pais"],"_links":{"self":[{"href":"https:\/\/elinformanteperu.com\/index.php\/wp-json\/wp\/v2\/posts\/113017","targetHints":{"allow":["GET"]}}],"collection":[{"href":"https:\/\/elinformanteperu.com\/index.php\/wp-json\/wp\/v2\/posts"}],"about":[{"href":"https:\/\/elinformanteperu.com\/index.php\/wp-json\/wp\/v2\/types\/post"}],"author":[{"embeddable":true,"href":"https:\/\/elinformanteperu.com\/index.php\/wp-json\/wp\/v2\/users\/1"}],"replies":[{"embeddable":true,"href":"https:\/\/elinformanteperu.com\/index.php\/wp-json\/wp\/v2\/comments?post=113017"}],"version-history":[{"count":1,"href":"https:\/\/elinformanteperu.com\/index.php\/wp-json\/wp\/v2\/posts\/113017\/revisions"}],"predecessor-version":[{"id":113021,"href":"https:\/\/elinformanteperu.com\/index.php\/wp-json\/wp\/v2\/posts\/113017\/revisions\/113021"}],"wp:featuredmedia":[{"embeddable":true,"href":"https:\/\/elinformanteperu.com\/index.php\/wp-json\/wp\/v2\/media\/113018"}],"wp:attachment":[{"href":"https:\/\/elinformanteperu.com\/index.php\/wp-json\/wp\/v2\/media?parent=113017"}],"wp:term":[{"taxonomy":"category","embeddable":true,"href":"https:\/\/elinformanteperu.com\/index.php\/wp-json\/wp\/v2\/categories?post=113017"},{"taxonomy":"post_tag","embeddable":true,"href":"https:\/\/elinformanteperu.com\/index.php\/wp-json\/wp\/v2\/tags?post=113017"}],"curies":[{"name":"wp","href":"https:\/\/api.w.org\/{rel}","templated":true}]}}