{"id":112945,"date":"2022-03-10T21:15:06","date_gmt":"2022-03-11T02:15:06","guid":{"rendered":"https:\/\/elinformanteperu.com\/?p=112945"},"modified":"2022-03-10T21:15:06","modified_gmt":"2022-03-11T02:15:06","slug":"eva-ayllon-participara-en-no-me-digas-solterona-2","status":"publish","type":"post","link":"https:\/\/elinformanteperu.com\/index.php\/2022\/03\/10\/eva-ayllon-participara-en-no-me-digas-solterona-2\/","title":{"rendered":"Eva Ayll\u00f3n participar\u00e1 en \u00abNo me digas solterona 2\u00bb"},"content":{"rendered":"<p><strong><span style=\"color: #000000;\">La reconocida cantante nacional es una de las sorpresas de la segunda parte de la historia<\/span><\/strong><\/p>\n<p><span style=\"color: #000000;\"><strong>Lima, 10 de Marzo 2022, (El Informante Per\u00fa).-<\/strong> El estreno de \u201cNo me digas solterona 2\u201d trae consigo varias sorpresas para los seguidores de la historia, una de ellas es la participaci\u00f3n de la reconocida cantante nacional Eva Ayll\u00f3n. La int\u00e9rprete de \u201cMal Paso\u201d grab\u00f3 una breve pero divertida participaci\u00f3n que pondr\u00e1 un toque especial a la historia.<\/span><\/p>\n<p><a href=\"https:\/\/elinformanteperu.com\/wp-content\/uploads\/2022\/03\/eva-ayllon-no-me-digas-solterona2-1jpg.jpg\"><img fetchpriority=\"high\" decoding=\"async\" class=\"size-full wp-image-112947 aligncenter\" src=\"https:\/\/elinformanteperu.com\/wp-content\/uploads\/2022\/03\/eva-ayllon-no-me-digas-solterona2-1jpg.jpg\" alt=\"\" width=\"676\" height=\"448\" srcset=\"https:\/\/elinformanteperu.com\/wp-content\/uploads\/2022\/03\/eva-ayllon-no-me-digas-solterona2-1jpg.jpg 676w, https:\/\/elinformanteperu.com\/wp-content\/uploads\/2022\/03\/eva-ayllon-no-me-digas-solterona2-1jpg-300x199.jpg 300w\" sizes=\"(max-width: 676px) 100vw, 676px\" \/><\/a><span style=\"color: #000000;\">\u201cLa historia de Eva es una historia de lucha y superaci\u00f3n y es un gran referente, no solo en la m\u00fasica. Ella inspira, transmite arte y ha transformado vidas. Al ser una personalidad tan destacada es un honor que ella est\u00e9 en la pel\u00edcula. Adem\u00e1s en la escena en la que participa da un mensaje positivo a las mujeres y es lindo que entre mujeres nos deseemos el bienestar, por eso su participaci\u00f3n es muy importante y emocionante para m\u00ed\u201d, destaca Ani Alva Helfer, directora de la pel\u00edcula.<\/span><\/p>\n<p><a href=\"https:\/\/elinformanteperu.com\/wp-content\/uploads\/2022\/03\/eva-ayllon-no-me-digas-solterona2-2jpg.jpg\"><img decoding=\"async\" class=\"size-full wp-image-112948 aligncenter\" src=\"https:\/\/elinformanteperu.com\/wp-content\/uploads\/2022\/03\/eva-ayllon-no-me-digas-solterona2-2jpg.jpg\" alt=\"\" width=\"704\" height=\"448\" srcset=\"https:\/\/elinformanteperu.com\/wp-content\/uploads\/2022\/03\/eva-ayllon-no-me-digas-solterona2-2jpg.jpg 704w, https:\/\/elinformanteperu.com\/wp-content\/uploads\/2022\/03\/eva-ayllon-no-me-digas-solterona2-2jpg-300x191.jpg 300w\" sizes=\"(max-width: 704px) 100vw, 704px\" \/><\/a><span style=\"color: #000000;\">La participaci\u00f3n de Eva Ayll\u00f3n se film\u00f3 en un reconocido local barranquino. En la historia, Eva se interpreta a s\u00ed misma y comparte escenas con la protagonista Patricia Barreto, Maricarmen Mar\u00edn, Claret Quea y Rony Ramirez.<\/span><\/p>\n<p><span style=\"color: #000000;\">\u201cNo Me Digas Solterona 2\u201d llegar\u00e1 a todas las salas de cine nacional el pr\u00f3ximo 14 de abril. La cinta ha sido dirigida por Ani Alva Helfer y cuenta con la participaci\u00f3n de reconocidos actores nacionales como Patricia Barreto, Yidd\u00e1 Eslava, Natalia Salas, Anah\u00ed de C\u00e1rdenas, Andr\u00e9 Silva, Andr\u00e9s V\u00edlchez, Maricarmen Mar\u00edn, Rodrigo S\u00e1nchez Pati\u00f1o y un gran elenco.<\/span><\/p>\n<p><a href=\"https:\/\/elinformanteperu.com\/wp-content\/uploads\/2022\/03\/eva-ayllon-no-me-digas-solterona2-3jpg.jpg\"><img decoding=\"async\" class=\"size-full wp-image-112949 aligncenter\" src=\"https:\/\/elinformanteperu.com\/wp-content\/uploads\/2022\/03\/eva-ayllon-no-me-digas-solterona2-3jpg.jpg\" alt=\"\" width=\"730\" height=\"455\" srcset=\"https:\/\/elinformanteperu.com\/wp-content\/uploads\/2022\/03\/eva-ayllon-no-me-digas-solterona2-3jpg.jpg 730w, https:\/\/elinformanteperu.com\/wp-content\/uploads\/2022\/03\/eva-ayllon-no-me-digas-solterona2-3jpg-300x187.jpg 300w\" sizes=\"(max-width: 730px) 100vw, 730px\" \/><\/a><\/p>\n","protected":false},"excerpt":{"rendered":"<p>La reconocida cantante nacional es una de las sorpresas de la segunda parte de la historia Lima, 10 de Marzo 2022, (El Informante Per\u00fa).- El estreno de \u201cNo me digas solterona 2\u201d trae consigo varias sorpresas para los seguidores de la historia, una de ellas es la participaci\u00f3n de la reconocida cantante nacional Eva Ayll\u00f3n. [&hellip;]<\/p>\n","protected":false},"author":1,"featured_media":112946,"comment_status":"closed","ping_status":"closed","sticky":false,"template":"","format":"standard","meta":{"rop_custom_images_group":[],"rop_custom_messages_group":[],"rop_publish_now":"initial","rop_publish_now_accounts":[],"rop_publish_now_history":[],"rop_publish_now_status":"pending","footnotes":""},"categories":[7],"tags":[1426,4960],"class_list":["post-112945","post","type-post","status-publish","format-standard","has-post-thumbnail","hentry","category-butaca","tag-eva-ayllon","tag-no-me-digas-solterona-2"],"_links":{"self":[{"href":"https:\/\/elinformanteperu.com\/index.php\/wp-json\/wp\/v2\/posts\/112945","targetHints":{"allow":["GET"]}}],"collection":[{"href":"https:\/\/elinformanteperu.com\/index.php\/wp-json\/wp\/v2\/posts"}],"about":[{"href":"https:\/\/elinformanteperu.com\/index.php\/wp-json\/wp\/v2\/types\/post"}],"author":[{"embeddable":true,"href":"https:\/\/elinformanteperu.com\/index.php\/wp-json\/wp\/v2\/users\/1"}],"replies":[{"embeddable":true,"href":"https:\/\/elinformanteperu.com\/index.php\/wp-json\/wp\/v2\/comments?post=112945"}],"version-history":[{"count":1,"href":"https:\/\/elinformanteperu.com\/index.php\/wp-json\/wp\/v2\/posts\/112945\/revisions"}],"predecessor-version":[{"id":112950,"href":"https:\/\/elinformanteperu.com\/index.php\/wp-json\/wp\/v2\/posts\/112945\/revisions\/112950"}],"wp:featuredmedia":[{"embeddable":true,"href":"https:\/\/elinformanteperu.com\/index.php\/wp-json\/wp\/v2\/media\/112946"}],"wp:attachment":[{"href":"https:\/\/elinformanteperu.com\/index.php\/wp-json\/wp\/v2\/media?parent=112945"}],"wp:term":[{"taxonomy":"category","embeddable":true,"href":"https:\/\/elinformanteperu.com\/index.php\/wp-json\/wp\/v2\/categories?post=112945"},{"taxonomy":"post_tag","embeddable":true,"href":"https:\/\/elinformanteperu.com\/index.php\/wp-json\/wp\/v2\/tags?post=112945"}],"curies":[{"name":"wp","href":"https:\/\/api.w.org\/{rel}","templated":true}]}}