{"id":112925,"date":"2022-03-09T23:51:00","date_gmt":"2022-03-10T04:51:00","guid":{"rendered":"https:\/\/elinformanteperu.com\/?p=112925"},"modified":"2022-03-09T23:51:00","modified_gmt":"2022-03-10T04:51:00","slug":"cpp-condena-agresion-contra-periodistas-que-cubrian-informacion-sobre-investidura","status":"publish","type":"post","link":"https:\/\/elinformanteperu.com\/index.php\/2022\/03\/09\/cpp-condena-agresion-contra-periodistas-que-cubrian-informacion-sobre-investidura\/","title":{"rendered":"CPP condena agresi\u00f3n contra periodistas que cubr\u00edan informaci\u00f3n sobre investidura"},"content":{"rendered":"<p><strong><span style=\"color: #000000;\">Gremio inform\u00f3 que est\u00e1 denunciando estos hechos<\/span><\/strong><\/p>\n<p><span style=\"color: #000000;\"><strong>Lima, 09 de Marzo 2022, (ANDINA).-<\/strong> El Colegio de Periodistas del Per\u00fa (CPP) conden\u00f3 la agresi\u00f3n perpetrada contra un grupo de periodistas, camar\u00f3grafos y fotoperiodistas que cubr\u00edan informaci\u00f3n sobre el voto de investidura al Gabinete Ministerial que encabeza An\u00edbal Torres.<\/span><\/p>\n<p><span style=\"color: #000000;\">En un comunicado, el CPP atribuy\u00f3 el ataque a v\u00e1ndalos del partido Per\u00fa Libre y consider\u00f3 que dicho acto revela que la campa\u00f1a de odio y satanizaci\u00f3n contra la prensa y los medios de comunicaci\u00f3n ha ingresado a una nueva y peligrosa fase de intolerancia y desprecio contra el ejercicio del periodismo.<\/span><\/p>\n<p><span style=\"color: #000000;\">La instituci\u00f3n advirti\u00f3 que en los \u00faltimos meses, el derecho a la informaci\u00f3n, que la Constituci\u00f3n reconoce, se ha visto menoscabado y amenazado de manera recurrente. Esta situaci\u00f3n, indic\u00f3, ha sido documentada.<\/span><\/p>\n<p><span style=\"color: #000000;\">Frente a ello, el CPP conden\u00f3, alert\u00f3 y denunci\u00f3 ante organismos nacionales, internacionales y la Corte Interamericana de Derechos Humanos a la espiral de violencia y arremetida contra la libertad de expresi\u00f3n en el pa\u00eds.<\/span><\/p>\n<p><span style=\"color: #000000;\">Finalmente, el gremio inform\u00f3 que se mantendr\u00e1 en vigilia permanente para evitar que la libertad de informaci\u00f3n y la libertad de expresi\u00f3n sean conculcadas , parametrados o censurados por autoridades de turno o por turbas callejeras de cualquier color pol\u00edtico.<\/span><\/p>\n<p><span style=\"color: #000000;\">El comunicado es suscrito por el Comit\u00e9 de Defensa de la Libertad de Expresi\u00f3n del Consejo Ejecutivo Nacional del CPP.<\/span><\/p>\n","protected":false},"excerpt":{"rendered":"<p>Gremio inform\u00f3 que est\u00e1 denunciando estos hechos Lima, 09 de Marzo 2022, (ANDINA).- El Colegio de Periodistas del Per\u00fa (CPP) conden\u00f3 la agresi\u00f3n perpetrada contra un grupo de periodistas, camar\u00f3grafos y fotoperiodistas que cubr\u00edan informaci\u00f3n sobre el voto de investidura al Gabinete Ministerial que encabeza An\u00edbal Torres. En un comunicado, el CPP atribuy\u00f3 el ataque [&hellip;]<\/p>\n","protected":false},"author":1,"featured_media":112926,"comment_status":"closed","ping_status":"closed","sticky":false,"template":"","format":"standard","meta":{"rop_custom_images_group":[],"rop_custom_messages_group":[],"rop_publish_now":"initial","rop_publish_now_accounts":[],"rop_publish_now_history":[],"rop_publish_now_status":"pending","footnotes":""},"categories":[5],"tags":[3001,6439],"class_list":["post-112925","post","type-post","status-publish","format-standard","has-post-thumbnail","hentry","category-actualidad-informativa","tag-colegio-de-periodistas-del-peru","tag-periodistas"],"_links":{"self":[{"href":"https:\/\/elinformanteperu.com\/index.php\/wp-json\/wp\/v2\/posts\/112925","targetHints":{"allow":["GET"]}}],"collection":[{"href":"https:\/\/elinformanteperu.com\/index.php\/wp-json\/wp\/v2\/posts"}],"about":[{"href":"https:\/\/elinformanteperu.com\/index.php\/wp-json\/wp\/v2\/types\/post"}],"author":[{"embeddable":true,"href":"https:\/\/elinformanteperu.com\/index.php\/wp-json\/wp\/v2\/users\/1"}],"replies":[{"embeddable":true,"href":"https:\/\/elinformanteperu.com\/index.php\/wp-json\/wp\/v2\/comments?post=112925"}],"version-history":[{"count":1,"href":"https:\/\/elinformanteperu.com\/index.php\/wp-json\/wp\/v2\/posts\/112925\/revisions"}],"predecessor-version":[{"id":112927,"href":"https:\/\/elinformanteperu.com\/index.php\/wp-json\/wp\/v2\/posts\/112925\/revisions\/112927"}],"wp:featuredmedia":[{"embeddable":true,"href":"https:\/\/elinformanteperu.com\/index.php\/wp-json\/wp\/v2\/media\/112926"}],"wp:attachment":[{"href":"https:\/\/elinformanteperu.com\/index.php\/wp-json\/wp\/v2\/media?parent=112925"}],"wp:term":[{"taxonomy":"category","embeddable":true,"href":"https:\/\/elinformanteperu.com\/index.php\/wp-json\/wp\/v2\/categories?post=112925"},{"taxonomy":"post_tag","embeddable":true,"href":"https:\/\/elinformanteperu.com\/index.php\/wp-json\/wp\/v2\/tags?post=112925"}],"curies":[{"name":"wp","href":"https:\/\/api.w.org\/{rel}","templated":true}]}}