{"id":112922,"date":"2022-03-09T23:47:37","date_gmt":"2022-03-10T04:47:37","guid":{"rendered":"https:\/\/elinformanteperu.com\/?p=112922"},"modified":"2022-03-09T23:47:37","modified_gmt":"2022-03-10T04:47:37","slug":"voto-de-confianza-conoce-los-anuncios-del-jefe-del-gabinete-dados-en-el-congreso","status":"publish","type":"post","link":"https:\/\/elinformanteperu.com\/index.php\/2022\/03\/09\/voto-de-confianza-conoce-los-anuncios-del-jefe-del-gabinete-dados-en-el-congreso\/","title":{"rendered":"Voto de confianza: conoce los anuncios del Jefe del Gabinete dados en el Congreso"},"content":{"rendered":"<p><span style=\"color: #000000;\"><strong>Lima, 09 de Marzo 2022, (ANDINA).-<\/strong> Aumento de sueldos para los maestros, crecimiento econ\u00f3mico de hasta un 4% para este a\u00f1o, y apertura en cien d\u00edas de postas y centros de salud a nivel nacional, fueron los principales anuncios que marcaron la presentaci\u00f3n del presidente del Consejo de Ministros, An\u00edbal Torres, en el Congreso de la Rep\u00fablica.<\/span><\/p>\n<p><span style=\"color: #000000;\">A continuaci\u00f3n un repaso de lo que dej\u00f3 la presentaci\u00f3n del jefe de la PCM, en su b\u00fasqueda en generar los consensos que le permitan ganar el voto de confianza.<\/span><\/p>\n<p><strong><span style=\"color: #000000;\">Econom\u00eda<\/span><\/strong><\/p>\n<p><span style=\"color: #000000;\">\u2022 El gobierno proyecta para este 2022 un crecimiento de la actividad econ\u00f3mica de entre 3.5% y 4%, adelant\u00f3. Asimismo, se prev\u00e9 que el d\u00e9ficit fiscal ser\u00e1 menor al 3% del PBI, es decir, estar\u00e1 por debajo de la regla fiscal establecida para dicho a\u00f1o (3.7%).<\/span><\/p>\n<p><span style=\"color: #000000;\">\u2022 Torres adelant\u00f3 que, para hacer frente a la evasi\u00f3n tributaria, en el marco de las facultades delegadas, el 27 de marzo se habr\u00e1 publicado un total de 21 decretos legislativos en materia tributaria.<\/span><\/p>\n<p><span style=\"color: #000000;\">\u2022 El gobierno anunci\u00f3 la Pol\u00edtica Nacional de Pesca y la Pol\u00edtica Nacional de Acuicultura, para promover la pesca artesanal y la acuicultura, respectivamente.<\/span><\/p>\n<p><strong><span style=\"color: #000000;\">Educaci\u00f3n<\/span><\/strong><\/p>\n<p><span style=\"color: #000000;\">\u2022 Este a\u00f1o se incrementar\u00e1 el piso salarial de los profesores nombrados y contratados, cuya remuneraci\u00f3n mensual ser\u00e1 de 2,600 soles, con lo que se beneficiar\u00e1 a 390,351 docentes.<\/span><\/p>\n<p><span style=\"color: #000000;\">\u2022 Con el fin de garantizar la continuidad y reinserci\u00f3n educativa, en el marco de retorno a las clases presenciales, el Ejecutivo ha destinado 561 millones de soles para el mantenimiento de planteles escolares.<\/span><\/p>\n<p><span style=\"color: #000000;\">\u2022 Se invertir\u00e1 m\u00e1s de S\/ 50 millones en el fortalecimiento de la gesti\u00f3n del bienestar y la reducci\u00f3n de la violencia de todo tipo en las escuelas.<\/span><\/p>\n<p><span style=\"color: #000000;\">\u2022 El Gobierno eval\u00faa la aprobaci\u00f3n de una norma para garantizar los servicios de internet e intranet para hasta 13,000 instituciones educativas a escala nacional.<\/span><\/p>\n<p><span style=\"color: #000000;\">\u2022 Este a\u00f1o se entregar\u00e1 material educativo en 41 lenguas originarias favoreciendo a 746,541 estudiantes y, adem\u00e1s, avanzar\u00e1 en la atenci\u00f3n en otras lenguas.<\/span><\/p>\n<p><span style=\"color: #000000;\">\u2022 Se fortalecer\u00e1 el Servicio de Apoyo Educativo Virtual (SAEV), cuyo objetivo es brindar el respaldo y asesoramiento a 10,036 colegios que atienden a 56,000 estudiantes con discapacidad.<\/span><\/p>\n<p><strong><span style=\"color: #000000;\">Salud<\/span><\/strong><\/p>\n<p><span style=\"color: #000000;\">\u2022 El gobierno anunci\u00f3 la plena reapertura en los pr\u00f3ximos 100 d\u00edas de los servicios del primer nivel de atenci\u00f3n en salud (Postas y centros de salud). Para ello, se invertir\u00e1 S\/ 450 millones en infraestructura y kits de equipamiento para 1,197 establecimientos de salud, y otros S\/ 470 millones para la implementaci\u00f3n de una seria de medidas, entre ellos tres hospitales m\u00f3viles en las macro regiones.<\/span><\/p>\n<p><span style=\"color: #000000;\">\u2022 Asimismo, se inform\u00f3 que el objetivo a diciembre de este a\u00f1o, es tener vacunado al 85% de la poblaci\u00f3n objetivo, incluido ni\u00f1os y ni\u00f1as, con las dos dosis de la vacuna de la covid-19. El gobierno ha gestionado el ingreso de hasta 63 millones de dosis de vacunas durante este a\u00f1o, que forman parte de los contratos de hasta 138 millones de dosis de vacunas.<\/span><\/p>\n<p><span style=\"color: #000000;\">\u2022 En salud mental, el premier anunci\u00f3 la implementaci\u00f3n de 45 nuevos centros de salud mental comunitario en 18 regiones al finalizar el 2022.<\/span><\/p>\n<p><span style=\"color: #000000;\">\u2022 Tambi\u00e9n se pondr\u00e1 en marcha el Plan nacional de desembalse quir\u00fargico, para que se puedan realizar 5 mil cirug\u00edas ambulatorias en los pr\u00f3ximos tres meses, con financiamiento del Seguro Integral de Salud.<\/span><\/p>\n<p><span style=\"color: #000000;\">\u2022 Debido a que el tratamiento frente al VIH es a\u00fan inaccesible para muchas y muchos, se va a implementar la oferta de tratamiento antirretroviral en establecimientos de salud del primer nivel de atenci\u00f3n en 18 regiones del pa\u00eds.<\/span><\/p>\n<p><span style=\"color: #000000;\">\u2022 Igualmente, para la prevenci\u00f3n del c\u00e1ncer, se pondr\u00e1 en marcha el tamizaje masivo y poblacional del c\u00e1ncer de cuello uterino, c\u00e1ncer de colon y c\u00e1ncer de pr\u00f3stata hasta en 11 regiones.<\/span><\/p>\n<p><strong><span style=\"color: #000000;\">Laboral<\/span><\/strong><\/p>\n<p><span style=\"color: #000000;\">\u2022 Con el fin de mitigar los efectos de la pandemia y reactivar la econom\u00eda de la poblaci\u00f3n en condiciones de vulnerabilidad, el Programa Trabaja Per\u00fa crear\u00e1 m\u00e1s de 188,000 empleos temporales en el primer semestre del a\u00f1o.<\/span><\/p>\n<p><span style=\"color: #000000;\">\u2022 Adem\u00e1s, se pondr\u00e1 en marcha el Programa Nacional para la Empleabilidad, el cual beneficiar\u00e1 a un total de 11,075 personas a trav\u00e9s de los servicios de capacitaci\u00f3n laboral, promoci\u00f3n para el autoempleo, certificaci\u00f3n de competencias laborales y la Beca J\u00f3venes Bicentenario.<\/span><\/p>\n<p><span style=\"color: #000000;\">\u2022 En abril estar\u00e1 listo el anteproyecto del C\u00f3digo General del Trabajo que, el cual ser\u00e1 sometido a un amplio proceso de di\u00e1logo social en el Consejo Nacional de Trabajo y Promoci\u00f3n del Empleo para su posterior presentaci\u00f3n ante el Congreso de la Rep\u00fablica.<\/span><\/p>\n<p><span style=\"color: #000000;\">\u2022 El Ejecutivo trabaja en el desarrollo e implementaci\u00f3n de programas y estrategias por m\u00e1s de 40 millones de soles, destinados a generar liquidez y dotar de tecnolog\u00eda a las micro y peque\u00f1as empresas (mypes) del pa\u00eds.<\/span><\/p>\n<p><strong><span style=\"color: #000000;\">Medio Ambiente<\/span><\/strong><\/p>\n<p><span style=\"color: #000000;\">\u2022 El gobierno solicitar\u00e1 facultades al Congreso para legislar en materia ambiental, con el fin de fortalecer las normas y tener una mejor respuesta ante los desastres ambientales, como el reciente derrame de petr\u00f3leo causado por la empresa Repsol.<\/span><\/p>\n<p><span style=\"color: #000000;\">\u2022 Se crear\u00e1 la Unidad de Delitos Ambientales (UNIDA), la Red de Monitoreo de Calidad del Aire y Agua para prevenir los da\u00f1os, la oficina de enlace del Organismo de Evaluaci\u00f3n y Fiscalizaci\u00f3n Ambiental (OEFA) en Cora Cora (Ayacucho).<\/span><\/p>\n<p><span style=\"color: #000000;\">\u2022 Aprobaci\u00f3n del Registro \u00danico de Infractores Ambientales sancionados por el OEFA y el Plan Especial Multisectorial para la intervenci\u00f3n integral a favor de la poblaci\u00f3n expuesta a metales pesados, metaloides y otras sustancias qu\u00edmicas t\u00f3xicas.<\/span><\/p>\n<p><strong><span style=\"color: #000000;\">Transparencia<\/span><\/strong><\/p>\n<p><span style=\"color: #000000;\">\u2022 Se pondr\u00e1 en marcha la Plataforma de \u201cDebida Diligencia del Sector P\u00fablico\u00bb, que centralizar\u00e1 la informaci\u00f3n de los procesos administrativos y penales, que evite incorporar a personas cuestionadas al Estado. Tambi\u00e9n se incluir\u00e1 las acusaciones de hostigamiento sexual, para que ninguna persona acusada por este delito trabaje en la administraci\u00f3n p\u00fablico.<\/span><\/p>\n<p><strong><span style=\"color: #000000;\">Cultura<\/span><\/strong><\/p>\n<p><span style=\"color: #000000;\">\u2022 El Ejecutivo otorgar\u00e1 alrededor de 30 millones de soles en apoyos y est\u00edmulos econ\u00f3micos para los artistas y las organizaciones culturales en todo el pa\u00eds.<\/span><\/p>\n","protected":false},"excerpt":{"rendered":"<p>Lima, 09 de Marzo 2022, (ANDINA).- Aumento de sueldos para los maestros, crecimiento econ\u00f3mico de hasta un 4% para este a\u00f1o, y apertura en cien d\u00edas de postas y centros de salud a nivel nacional, fueron los principales anuncios que marcaron la presentaci\u00f3n del presidente del Consejo de Ministros, An\u00edbal Torres, en el Congreso de [&hellip;]<\/p>\n","protected":false},"author":1,"featured_media":112923,"comment_status":"closed","ping_status":"closed","sticky":false,"template":"","format":"standard","meta":{"rop_custom_images_group":[],"rop_custom_messages_group":[],"rop_publish_now":"initial","rop_publish_now_accounts":[],"rop_publish_now_history":[],"rop_publish_now_status":"pending","footnotes":""},"categories":[5],"tags":[6582,189,2317],"class_list":["post-112922","post","type-post","status-publish","format-standard","has-post-thumbnail","hentry","category-actualidad-informativa","tag-anibal-torres","tag-pcm","tag-presidencia-del-consejo-de-ministros"],"_links":{"self":[{"href":"https:\/\/elinformanteperu.com\/index.php\/wp-json\/wp\/v2\/posts\/112922","targetHints":{"allow":["GET"]}}],"collection":[{"href":"https:\/\/elinformanteperu.com\/index.php\/wp-json\/wp\/v2\/posts"}],"about":[{"href":"https:\/\/elinformanteperu.com\/index.php\/wp-json\/wp\/v2\/types\/post"}],"author":[{"embeddable":true,"href":"https:\/\/elinformanteperu.com\/index.php\/wp-json\/wp\/v2\/users\/1"}],"replies":[{"embeddable":true,"href":"https:\/\/elinformanteperu.com\/index.php\/wp-json\/wp\/v2\/comments?post=112922"}],"version-history":[{"count":1,"href":"https:\/\/elinformanteperu.com\/index.php\/wp-json\/wp\/v2\/posts\/112922\/revisions"}],"predecessor-version":[{"id":112924,"href":"https:\/\/elinformanteperu.com\/index.php\/wp-json\/wp\/v2\/posts\/112922\/revisions\/112924"}],"wp:featuredmedia":[{"embeddable":true,"href":"https:\/\/elinformanteperu.com\/index.php\/wp-json\/wp\/v2\/media\/112923"}],"wp:attachment":[{"href":"https:\/\/elinformanteperu.com\/index.php\/wp-json\/wp\/v2\/media?parent=112922"}],"wp:term":[{"taxonomy":"category","embeddable":true,"href":"https:\/\/elinformanteperu.com\/index.php\/wp-json\/wp\/v2\/categories?post=112922"},{"taxonomy":"post_tag","embeddable":true,"href":"https:\/\/elinformanteperu.com\/index.php\/wp-json\/wp\/v2\/tags?post=112922"}],"curies":[{"name":"wp","href":"https:\/\/api.w.org\/{rel}","templated":true}]}}