{"id":112773,"date":"2022-03-06T12:11:15","date_gmt":"2022-03-06T17:11:15","guid":{"rendered":"https:\/\/elinformanteperu.com\/?p=112773"},"modified":"2022-03-06T12:11:15","modified_gmt":"2022-03-06T17:11:15","slug":"puedo-vacunar-a-mi-hijo-contra-la-covid-19-si-es-paciente-oncologico","status":"publish","type":"post","link":"https:\/\/elinformanteperu.com\/index.php\/2022\/03\/06\/puedo-vacunar-a-mi-hijo-contra-la-covid-19-si-es-paciente-oncologico\/","title":{"rendered":"\u00bfPuedo vacunar a mi hijo contra la covid-19 si es paciente oncol\u00f3gico?"},"content":{"rendered":"<p><strong><span style=\"color: #000000;\">Especialista del INEN brinda algunas recomendaciones<\/span><\/strong><\/p>\n<p><span style=\"color: #000000;\"><strong>Lima, 06 de Marzo 2022, (ANDINA).<\/strong>&#8211; Los ni\u00f1os con c\u00e1ncer pueden y deben vacunarse contra la covid-19 ya que gracias a la inoculaci\u00f3n pueden prevenir las infecciones severas asociadas a este virus, evitar que el ni\u00f1o se hospitalice y evitar que vaya a cuidados intensivos.<\/span><\/p>\n<p><span style=\"color: #000000;\">As\u00ed lo mencion\u00f3 el director del Departamento de Oncolog\u00eda Pedi\u00e1trica del Instituto Nacional de Enfermedades Neopl\u00e1sicas (INEN), Juan Garc\u00eda Le\u00f3n, en un video publicado por el Ministerio de Salud (Minsa) en su cuenta oficial de Twitter.<\/span><\/p>\n<p><span style=\"color: #000000;\">\u201cTu hijo con c\u00e1ncer si puede vacunarse contra la infecci\u00f3n por covid-19. Debes hacer la consulta con el m\u00e9dico que lo viene tratando, en el centro de salud donde se est\u00e9 tratando\u201d, menciona.<\/span><\/p>\n<p><span style=\"color: #000000;\">Para esto, agreg\u00f3 el galeno, el paciente pedi\u00e1trico debe presentar una buena condici\u00f3n cl\u00ednica y estar bien en sus respectivos an\u00e1lisis de sangre, adem\u00e1s de asegurarse que existe la disponibilidad de vacunas en el centro donde se dispone a asistir.<\/span><\/p>\n<p><span style=\"color: #000000;\">\u201cEl motivo (de la vacuna) es para prevenir la infecci\u00f3n por este virus, pero sobre todo para prevenir las infecciones severas asociadas a la covid-19, evitar que el ni\u00f1o se hospitalice, evitar que vaya a cuidados intensivos, por lo tanto un ni\u00f1o con c\u00e1ncer s\u00ed puede y debe vacunarse contra la covid-19\u201d, finaliz\u00f3.<\/span><\/p>\n<p><span style=\"color: #000000;\">En medio de la tercera ola de la pandemia, los casi 175 mil pacientes oncol\u00f3gicos en Per\u00fa son m\u00e1s vulnerables al covid-19 pues, a pesar de estar vacunados, los tratamientos como la quimioterapia disminuyen sus defensas.<\/span><\/p>\n<p><span style=\"color: #000000;\">Adem\u00e1s, 2 de cada 3 pacientes oncol\u00f3gicos tienen una comorbilidad como diabetes, obesidad o hipertensi\u00f3n, lo que puede agravar su situaci\u00f3n si resultan positivos.<\/span><\/p>\n","protected":false},"excerpt":{"rendered":"<p>Especialista del INEN brinda algunas recomendaciones Lima, 06 de Marzo 2022, (ANDINA).&#8211; Los ni\u00f1os con c\u00e1ncer pueden y deben vacunarse contra la covid-19 ya que gracias a la inoculaci\u00f3n pueden prevenir las infecciones severas asociadas a este virus, evitar que el ni\u00f1o se hospitalice y evitar que vaya a cuidados intensivos. As\u00ed lo mencion\u00f3 el [&hellip;]<\/p>\n","protected":false},"author":1,"featured_media":112164,"comment_status":"closed","ping_status":"closed","sticky":false,"template":"","format":"standard","meta":{"rop_custom_images_group":[],"rop_custom_messages_group":[],"rop_publish_now":"initial","rop_publish_now_accounts":[],"rop_publish_now_history":[],"rop_publish_now_status":"pending","footnotes":""},"categories":[10],"tags":[2174,2175,5939],"class_list":["post-112773","post","type-post","status-publish","format-standard","has-post-thumbnail","hentry","category-actualidad-municipal","tag-inen","tag-instituto-nacional-de-enfermedades-neoplasicas","tag-vacunacion"],"_links":{"self":[{"href":"https:\/\/elinformanteperu.com\/index.php\/wp-json\/wp\/v2\/posts\/112773","targetHints":{"allow":["GET"]}}],"collection":[{"href":"https:\/\/elinformanteperu.com\/index.php\/wp-json\/wp\/v2\/posts"}],"about":[{"href":"https:\/\/elinformanteperu.com\/index.php\/wp-json\/wp\/v2\/types\/post"}],"author":[{"embeddable":true,"href":"https:\/\/elinformanteperu.com\/index.php\/wp-json\/wp\/v2\/users\/1"}],"replies":[{"embeddable":true,"href":"https:\/\/elinformanteperu.com\/index.php\/wp-json\/wp\/v2\/comments?post=112773"}],"version-history":[{"count":1,"href":"https:\/\/elinformanteperu.com\/index.php\/wp-json\/wp\/v2\/posts\/112773\/revisions"}],"predecessor-version":[{"id":112774,"href":"https:\/\/elinformanteperu.com\/index.php\/wp-json\/wp\/v2\/posts\/112773\/revisions\/112774"}],"wp:featuredmedia":[{"embeddable":true,"href":"https:\/\/elinformanteperu.com\/index.php\/wp-json\/wp\/v2\/media\/112164"}],"wp:attachment":[{"href":"https:\/\/elinformanteperu.com\/index.php\/wp-json\/wp\/v2\/media?parent=112773"}],"wp:term":[{"taxonomy":"category","embeddable":true,"href":"https:\/\/elinformanteperu.com\/index.php\/wp-json\/wp\/v2\/categories?post=112773"},{"taxonomy":"post_tag","embeddable":true,"href":"https:\/\/elinformanteperu.com\/index.php\/wp-json\/wp\/v2\/tags?post=112773"}],"curies":[{"name":"wp","href":"https:\/\/api.w.org\/{rel}","templated":true}]}}