{"id":112450,"date":"2022-02-21T23:54:39","date_gmt":"2022-02-22T04:54:39","guid":{"rendered":"https:\/\/elinformanteperu.com\/?p=112450"},"modified":"2022-02-21T23:54:39","modified_gmt":"2022-02-22T04:54:39","slug":"cristian-benavente-dice-que-su-horizonte-es-llegar-a-la-seleccion-peruana","status":"publish","type":"post","link":"https:\/\/elinformanteperu.com\/index.php\/2022\/02\/21\/cristian-benavente-dice-que-su-horizonte-es-llegar-a-la-seleccion-peruana\/","title":{"rendered":"Cristian Benavente dice que su horizonte es llegar a la selecci\u00f3n peruana"},"content":{"rendered":"<p><span style=\"color: #000000;\"><strong>Lima, 21 de Febrero 2022, (ANDINA).-<\/strong> El volante de Alianza Lima, Cristian Benavente, dio a conocer volver a la selecci\u00f3n peruana siempre ser\u00e1 su horizonte y aunque su cabeza est\u00e1 puesta en Alianza Lima reconoci\u00f3 que de jugar en la Blanquirroja lo tomar\u00e1 como un premio. Tambi\u00e9n se\u00f1al\u00f3 que le gustar\u00eda compartir con Paolo Guerrero en el conjunto \u00abvictoriano\u00bb.<\/span><\/p>\n<p><span style=\"color: #000000;\">Tras tener un debut so\u00f1ado en Alianza Lima, porque en su primer partido en el f\u00fatbol peruano demostr\u00f3 su categor\u00eda anotando un golazo de tiro libre, Cristian Benavente est\u00e1 mentalizado en seguir aportando su f\u00fatbol al conjunto \u00ab\u00edntimo\u00bb, pero no neg\u00f3 que en su horizonte siempre estar\u00e1 volver a la selecci\u00f3n peruana.<\/span><\/p>\n<p><span style=\"color: #000000;\">\u00abSiempre est\u00e1 en el horizonte llegar a la selecci\u00f3n. Ahora, lo primero es Alianza, es jugar y estar feliz aqu\u00ed. Si llega, lo tomar\u00e9 como un premio, pero siempre es un objetivo\u00bb, indic\u00f3 el Chaval a radio Ovaci\u00f3n.<\/span><\/p>\n<p><span style=\"color: #000000;\">Sobre la posible contrataci\u00f3n de Paolo Guerrero por parte de la instituci\u00f3n aliancista, calific\u00f3 al delantero como un \u00abgrand\u00edsimo jugador\u00bb<\/span><\/p>\n<p><span style=\"color: #000000;\">\u00abPaolo (Guerrero) es un grand\u00edsimo jugador y a cualquier equipo le gustar\u00eda tenerlo, y nosotros opinamos de la misma manera. Lo conozco y he jugado con \u00e9l\u00bb, sostuvo el futbolista de 27 a\u00f1os.<\/span><\/p>\n<p><span style=\"color: #000000;\">Con respecto al aliento que recibi\u00f3 por parte de la hinchada de Alianza Lima en su ingreso al campo de juego cuando faltaban poco menos de 15 minutos para acabar el partido ante el Manucci, volvi\u00f3 a decir que vivi\u00f3 momentos \u00fanicos.<\/span><\/p>\n<p><span style=\"color: #000000;\">\u00abLa afici\u00f3n anima todo el tiempo, creo que ayer fue el motor para que el equipo no se venga abajo, sobre todo por las circunstancias del partido, y fue muy emocionante la verdad. Hubo ambiente muy bueno del principio al final, y eso al final da puntos\u00bb, declar\u00f3.<\/span><\/p>\n<p><span style=\"color: #000000;\">Finalmente, sobre la posibilidad de volver a tener minutos el pr\u00f3ximo partido ante el Alianza Atl\u00e9tico en Sullana, Benavente se\u00f1al\u00f3 no importarle, donde le toca jugar porque un futbolista debe hacerlo en todo terreno.<\/span><\/p>\n<p><span style=\"color: #000000;\">\u00abSe juega aqu\u00ed as\u00ed, hay que acostumbrarse, hay que dar lo mejor, as\u00ed haya calor o en altura\u00bb, culmin\u00f3.<\/span><\/p>\n<p><a href=\"https:\/\/elinformanteperu.com\/wp-content\/uploads\/2022\/02\/benavente.jpg\"><img fetchpriority=\"high\" decoding=\"async\" class=\"size-full wp-image-112429 aligncenter\" src=\"https:\/\/elinformanteperu.com\/wp-content\/uploads\/2022\/02\/benavente.jpg\" alt=\"\" width=\"1800\" height=\"1199\" srcset=\"https:\/\/elinformanteperu.com\/wp-content\/uploads\/2022\/02\/benavente.jpg 1800w, https:\/\/elinformanteperu.com\/wp-content\/uploads\/2022\/02\/benavente-300x200.jpg 300w, https:\/\/elinformanteperu.com\/wp-content\/uploads\/2022\/02\/benavente-1024x682.jpg 1024w, https:\/\/elinformanteperu.com\/wp-content\/uploads\/2022\/02\/benavente-768x512.jpg 768w, https:\/\/elinformanteperu.com\/wp-content\/uploads\/2022\/02\/benavente-1536x1023.jpg 1536w\" sizes=\"(max-width: 1800px) 100vw, 1800px\" \/><\/a><\/p>\n","protected":false},"excerpt":{"rendered":"<p>Lima, 21 de Febrero 2022, (ANDINA).- El volante de Alianza Lima, Cristian Benavente, dio a conocer volver a la selecci\u00f3n peruana siempre ser\u00e1 su horizonte y aunque su cabeza est\u00e1 puesta en Alianza Lima reconoci\u00f3 que de jugar en la Blanquirroja lo tomar\u00e1 como un premio. Tambi\u00e9n se\u00f1al\u00f3 que le gustar\u00eda compartir con Paolo Guerrero [&hellip;]<\/p>\n","protected":false},"author":1,"featured_media":112451,"comment_status":"closed","ping_status":"closed","sticky":false,"template":"","format":"standard","meta":{"rop_custom_images_group":[],"rop_custom_messages_group":[],"rop_publish_now":"initial","rop_publish_now_accounts":[],"rop_publish_now_history":[],"rop_publish_now_status":"pending","footnotes":""},"categories":[8],"tags":[91,879],"class_list":["post-112450","post","type-post","status-publish","format-standard","has-post-thumbnail","hentry","category-disciplinas-deportivas","tag-alianza-lima","tag-cristian-benavente"],"_links":{"self":[{"href":"https:\/\/elinformanteperu.com\/index.php\/wp-json\/wp\/v2\/posts\/112450","targetHints":{"allow":["GET"]}}],"collection":[{"href":"https:\/\/elinformanteperu.com\/index.php\/wp-json\/wp\/v2\/posts"}],"about":[{"href":"https:\/\/elinformanteperu.com\/index.php\/wp-json\/wp\/v2\/types\/post"}],"author":[{"embeddable":true,"href":"https:\/\/elinformanteperu.com\/index.php\/wp-json\/wp\/v2\/users\/1"}],"replies":[{"embeddable":true,"href":"https:\/\/elinformanteperu.com\/index.php\/wp-json\/wp\/v2\/comments?post=112450"}],"version-history":[{"count":1,"href":"https:\/\/elinformanteperu.com\/index.php\/wp-json\/wp\/v2\/posts\/112450\/revisions"}],"predecessor-version":[{"id":112452,"href":"https:\/\/elinformanteperu.com\/index.php\/wp-json\/wp\/v2\/posts\/112450\/revisions\/112452"}],"wp:featuredmedia":[{"embeddable":true,"href":"https:\/\/elinformanteperu.com\/index.php\/wp-json\/wp\/v2\/media\/112451"}],"wp:attachment":[{"href":"https:\/\/elinformanteperu.com\/index.php\/wp-json\/wp\/v2\/media?parent=112450"}],"wp:term":[{"taxonomy":"category","embeddable":true,"href":"https:\/\/elinformanteperu.com\/index.php\/wp-json\/wp\/v2\/categories?post=112450"},{"taxonomy":"post_tag","embeddable":true,"href":"https:\/\/elinformanteperu.com\/index.php\/wp-json\/wp\/v2\/tags?post=112450"}],"curies":[{"name":"wp","href":"https:\/\/api.w.org\/{rel}","templated":true}]}}