{"id":112442,"date":"2022-02-21T23:38:09","date_gmt":"2022-02-22T04:38:09","guid":{"rendered":"https:\/\/elinformanteperu.com\/?p=112442"},"modified":"2022-02-21T23:38:09","modified_gmt":"2022-02-22T04:38:09","slug":"lapadula-condicionan-el-regreso-del-delantero-a-los-trabajos-del-benevento","status":"publish","type":"post","link":"https:\/\/elinformanteperu.com\/index.php\/2022\/02\/21\/lapadula-condicionan-el-regreso-del-delantero-a-los-trabajos-del-benevento\/","title":{"rendered":"Lapadula: Condicionan el regreso del delantero a los trabajos del Benevento"},"content":{"rendered":"<p><strong><span style=\"color: #000000;\">El t\u00e9cnico Fabio Caserta dijo que el italo-peruano debe reunirse con el presidente del club<\/span><\/strong><\/p>\n<p><span style=\"color: #000000;\"><strong>Roma, 21 de Febrero 2022, (ANDINA).-<\/strong> El retorno de Gianluca Lapadula a los entrenamientos del Benevento est\u00e1 supeditado a conversaci\u00f3n que se sostenga el futbolista con el presidente de la instituci\u00f3n deportiva, as\u00ed lo dio a conocer el propio estratega Fabio Caserta, quien dijo que debe haber un acuerdo entre las partes para que el delantero italo-peruano regrese.<\/span><\/p>\n<p><span style=\"color: #000000;\">Cuando parec\u00eda que el impasse entre Benevento y Gianluca Lapadula llegaba a su fin y el jugador de la selecci\u00f3n peruana ya contaba con el visto bueno para comenzar a entrenar con actual club, situaci\u00f3n que no hace en lo que va del 2022, el t\u00e9cnico Fabio Caserta se\u00f1al\u00f3 que ello a\u00fan no es factible.<\/span><\/p>\n<p><span style=\"color: #000000;\">\u00abLapadula debe aclarar su posici\u00f3n con respecto al club, porque el club tiene que decidir junto con \u00e9l si decide volver de vuelta al grupo. Las evaluaciones t\u00e9cnicas las har\u00e9 m\u00e1s tarde\u00bb, sostuvo el estratega italiano en conferencia de prensa.<\/span><\/p>\n<p><span style=\"color: #000000;\">Para Caserta, la decisi\u00f3n de tomar en cuenta o no al atacante de la &#8216;Bicolor&#8217; pasar\u00e1 por la reuni\u00f3n que sostenga el jugador con el presidente del club. Una vez que tenga los detalles de esto, podr\u00e1 evaluar su siguiente paso.<\/span><\/p>\n<p><span style=\"color: #000000;\">\u00abYa veremos, luego de la reuni\u00f3n que tuvo el presidente con el jugador. Esperar\u00e9 las decisiones del presidente, eso es lo que m\u00e1s importa\u00bb, agreg\u00f3. Sin embargo, es preciso se\u00f1alar que en Italia se habla de un supuesto inter\u00e9s del propio presidente de Benevento de volver a tener a Lapadula con el plantel.<\/span><\/p>\n<p><span style=\"color: #000000;\">Mientras se ponen de acuerdo y se soluciona la permanencia de Lapadula en el Benevento de la Serie B de Italia, el t\u00e9cnico de la selecci\u00f3n peruana, Ricardo Gareca, se encuentra en Europa, donde tiene planeado visitar al ariete nacional y ver su estado actual.<\/span><\/p>\n<p><a href=\"https:\/\/elinformanteperu.com\/wp-content\/uploads\/2022\/01\/lapadula-peru-e1643251042831.jpg\"><img fetchpriority=\"high\" decoding=\"async\" class=\"size-full wp-image-111089 aligncenter\" src=\"https:\/\/elinformanteperu.com\/wp-content\/uploads\/2022\/01\/lapadula-peru-e1643251042831.jpg\" alt=\"\" width=\"1800\" height=\"1161\" srcset=\"https:\/\/elinformanteperu.com\/wp-content\/uploads\/2022\/01\/lapadula-peru-e1643251042831.jpg 1800w, https:\/\/elinformanteperu.com\/wp-content\/uploads\/2022\/01\/lapadula-peru-e1643251042831-300x194.jpg 300w, https:\/\/elinformanteperu.com\/wp-content\/uploads\/2022\/01\/lapadula-peru-e1643251042831-1024x660.jpg 1024w, https:\/\/elinformanteperu.com\/wp-content\/uploads\/2022\/01\/lapadula-peru-e1643251042831-768x495.jpg 768w, https:\/\/elinformanteperu.com\/wp-content\/uploads\/2022\/01\/lapadula-peru-e1643251042831-1536x991.jpg 1536w\" sizes=\"(max-width: 1800px) 100vw, 1800px\" \/><\/a><\/p>\n","protected":false},"excerpt":{"rendered":"<p>El t\u00e9cnico Fabio Caserta dijo que el italo-peruano debe reunirse con el presidente del club Roma, 21 de Febrero 2022, (ANDINA).- El retorno de Gianluca Lapadula a los entrenamientos del Benevento est\u00e1 supeditado a conversaci\u00f3n que se sostenga el futbolista con el presidente de la instituci\u00f3n deportiva, as\u00ed lo dio a conocer el propio estratega [&hellip;]<\/p>\n","protected":false},"author":1,"featured_media":112443,"comment_status":"closed","ping_status":"closed","sticky":false,"template":"","format":"standard","meta":{"rop_custom_images_group":[],"rop_custom_messages_group":[],"rop_publish_now":"initial","rop_publish_now_accounts":[],"rop_publish_now_history":[],"rop_publish_now_status":"pending","footnotes":""},"categories":[8],"tags":[630],"class_list":["post-112442","post","type-post","status-publish","format-standard","has-post-thumbnail","hentry","category-disciplinas-deportivas","tag-gianluca-lapadula"],"_links":{"self":[{"href":"https:\/\/elinformanteperu.com\/index.php\/wp-json\/wp\/v2\/posts\/112442","targetHints":{"allow":["GET"]}}],"collection":[{"href":"https:\/\/elinformanteperu.com\/index.php\/wp-json\/wp\/v2\/posts"}],"about":[{"href":"https:\/\/elinformanteperu.com\/index.php\/wp-json\/wp\/v2\/types\/post"}],"author":[{"embeddable":true,"href":"https:\/\/elinformanteperu.com\/index.php\/wp-json\/wp\/v2\/users\/1"}],"replies":[{"embeddable":true,"href":"https:\/\/elinformanteperu.com\/index.php\/wp-json\/wp\/v2\/comments?post=112442"}],"version-history":[{"count":1,"href":"https:\/\/elinformanteperu.com\/index.php\/wp-json\/wp\/v2\/posts\/112442\/revisions"}],"predecessor-version":[{"id":112444,"href":"https:\/\/elinformanteperu.com\/index.php\/wp-json\/wp\/v2\/posts\/112442\/revisions\/112444"}],"wp:featuredmedia":[{"embeddable":true,"href":"https:\/\/elinformanteperu.com\/index.php\/wp-json\/wp\/v2\/media\/112443"}],"wp:attachment":[{"href":"https:\/\/elinformanteperu.com\/index.php\/wp-json\/wp\/v2\/media?parent=112442"}],"wp:term":[{"taxonomy":"category","embeddable":true,"href":"https:\/\/elinformanteperu.com\/index.php\/wp-json\/wp\/v2\/categories?post=112442"},{"taxonomy":"post_tag","embeddable":true,"href":"https:\/\/elinformanteperu.com\/index.php\/wp-json\/wp\/v2\/tags?post=112442"}],"curies":[{"name":"wp","href":"https:\/\/api.w.org\/{rel}","templated":true}]}}