{"id":112228,"date":"2022-02-17T22:26:37","date_gmt":"2022-02-18T03:26:37","guid":{"rendered":"https:\/\/elinformanteperu.com\/?p=112228"},"modified":"2022-02-17T22:26:37","modified_gmt":"2022-02-18T03:26:37","slug":"movilidades-escolares-pueden-registrarse-ante-atu-para-operar-formalmente","status":"publish","type":"post","link":"https:\/\/elinformanteperu.com\/index.php\/2022\/02\/17\/movilidades-escolares-pueden-registrarse-ante-atu-para-operar-formalmente\/","title":{"rendered":"Movilidades escolares pueden registrarse ante ATU para operar formalmente"},"content":{"rendered":"<p><strong><span style=\"color: #000000;\">Veh\u00edculos deben contar con cintur\u00f3n de seguridad en todos los asientos<\/span><\/strong><\/p>\n<p><span style=\"color: #000000;\"><strong>Lima, 17 de Febrero 2022, (ANDINA).-<\/strong> Los propietarios de movilidades escolares ya pueden registrarse gratuitamente ante la Autoridad de Transporte Urbano para Lima y Callao (ATU) para formalizarse y brindar un servicio seguro a los estudiantes ante el pr\u00f3ximo inicio de las clases presenciales.<\/span><\/p>\n<p><span style=\"color: #000000;\">Este tr\u00e1mite pueden efectuarlo sin costo alguno en los terminales del Metropolitano de Naranjal (Independencia), Matellini (Chorrillos) y en la estaci\u00f3n Central, inform\u00f3 Killa Miranda, jefe de gabinete de ATU.<\/span><\/p>\n<p><span style=\"color: #000000;\">La ATU lanz\u00f3 hoy la campa\u00f1a \u00abRetorno seguro a clases\u00bb, con el objetivo de asesorar sobre los requisitos para dedicarse a esta actividad, as\u00ed como la fiscalizaci\u00f3n que la instituci\u00f3n ejercer\u00e1 sobre las unidades, por ejemplo verificando que todos los asientos tengan cintur\u00f3n de seguridad.<\/span><\/p>\n<p><span style=\"color: #000000;\">\u00abQueremos que los conductores sepan qu\u00e9 tr\u00e1mite hacer gratis a trav\u00e9s de la web y que conozcan los links mediante los cuales pueden verificar si est\u00e1n habilitados. En algunos casos, solo necesitar\u00e1n sacar copia de su credencial porque en medio de la pandemia, no saben ni d\u00f3nde lo han puesto\u00bb, se\u00f1al\u00f3 Miranda.<\/span><\/p>\n<p><span style=\"color: #000000;\">Cabe indicar que, debido a la suspensi\u00f3n de las clases presenciales, miles de conductores de movilidad escolar debieron cambiar de rubro para ofrecer transporte de personal.<\/span><\/p>\n<p><span style=\"color: #000000;\">\u00abNecesitamos que vuelvan a trabajar trasladando a los ni\u00f1os de manera segura; nosotros estamos para ayudarlos. Tambi\u00e9n pueden enviar sus consultas al whatsapp 938 806 628 y 945 838 534\u00bb, refiri\u00f3.<\/span><\/p>\n<p><span style=\"color: #000000;\">Cabe indicar que los padres de familia tambi\u00e9n pueden acercarse a los m\u00f3dulos de atenci\u00f3n para saber si la movilidad escolar que piensan contratar es formal, as\u00ed como la inspecci\u00f3n que se realizar\u00e1 para verificar que las unidades cuenten con las autorizaciones.<\/span><\/p>\n<p><span style=\"color: #000000;\">Giovanna Rosas, conductora de movilidad escolar durante 15 a\u00f1os, se dedic\u00f3 al transporte de personal y mensajer\u00eda durante la pandemia del covid-19, y ahora est\u00e1 contenta de volver a trabajar con los ni\u00f1os de la educaci\u00f3n b\u00e1sica.<\/span><\/p>\n<p><span style=\"color: #000000;\">De acuerdo con ATU, m\u00e1s de 4,800 movilidades escolares est\u00e1n registradas de manera formal en Lima y Callao.<\/span><\/p>\n","protected":false},"excerpt":{"rendered":"<p>Veh\u00edculos deben contar con cintur\u00f3n de seguridad en todos los asientos Lima, 17 de Febrero 2022, (ANDINA).- Los propietarios de movilidades escolares ya pueden registrarse gratuitamente ante la Autoridad de Transporte Urbano para Lima y Callao (ATU) para formalizarse y brindar un servicio seguro a los estudiantes ante el pr\u00f3ximo inicio de las clases presenciales. [&hellip;]<\/p>\n","protected":false},"author":1,"featured_media":112229,"comment_status":"closed","ping_status":"closed","sticky":false,"template":"","format":"standard","meta":{"rop_custom_images_group":[],"rop_custom_messages_group":[],"rop_publish_now":"initial","rop_publish_now_accounts":[],"rop_publish_now_history":[],"rop_publish_now_status":"pending","footnotes":""},"categories":[10],"tags":[5422,4559,535,1613],"class_list":["post-112228","post","type-post","status-publish","format-standard","has-post-thumbnail","hentry","category-actualidad-municipal","tag-atu","tag-autoridad-de-transporte-urbano","tag-callao","tag-lima"],"_links":{"self":[{"href":"https:\/\/elinformanteperu.com\/index.php\/wp-json\/wp\/v2\/posts\/112228","targetHints":{"allow":["GET"]}}],"collection":[{"href":"https:\/\/elinformanteperu.com\/index.php\/wp-json\/wp\/v2\/posts"}],"about":[{"href":"https:\/\/elinformanteperu.com\/index.php\/wp-json\/wp\/v2\/types\/post"}],"author":[{"embeddable":true,"href":"https:\/\/elinformanteperu.com\/index.php\/wp-json\/wp\/v2\/users\/1"}],"replies":[{"embeddable":true,"href":"https:\/\/elinformanteperu.com\/index.php\/wp-json\/wp\/v2\/comments?post=112228"}],"version-history":[{"count":1,"href":"https:\/\/elinformanteperu.com\/index.php\/wp-json\/wp\/v2\/posts\/112228\/revisions"}],"predecessor-version":[{"id":112230,"href":"https:\/\/elinformanteperu.com\/index.php\/wp-json\/wp\/v2\/posts\/112228\/revisions\/112230"}],"wp:featuredmedia":[{"embeddable":true,"href":"https:\/\/elinformanteperu.com\/index.php\/wp-json\/wp\/v2\/media\/112229"}],"wp:attachment":[{"href":"https:\/\/elinformanteperu.com\/index.php\/wp-json\/wp\/v2\/media?parent=112228"}],"wp:term":[{"taxonomy":"category","embeddable":true,"href":"https:\/\/elinformanteperu.com\/index.php\/wp-json\/wp\/v2\/categories?post=112228"},{"taxonomy":"post_tag","embeddable":true,"href":"https:\/\/elinformanteperu.com\/index.php\/wp-json\/wp\/v2\/tags?post=112228"}],"curies":[{"name":"wp","href":"https:\/\/api.w.org\/{rel}","templated":true}]}}