{"id":112224,"date":"2022-02-17T22:25:13","date_gmt":"2022-02-18T03:25:13","guid":{"rendered":"https:\/\/elinformanteperu.com\/?p=112224"},"modified":"2022-02-17T22:25:13","modified_gmt":"2022-02-18T03:25:13","slug":"municipalidad-de-lima-concluye-pintado-de-senalizacion-horizontal-en-av-alfonso-ugarte","status":"publish","type":"post","link":"https:\/\/elinformanteperu.com\/index.php\/2022\/02\/17\/municipalidad-de-lima-concluye-pintado-de-senalizacion-horizontal-en-av-alfonso-ugarte\/","title":{"rendered":"Municipalidad de Lima concluye pintado de se\u00f1alizaci\u00f3n horizontal en av. Alfonso Ugarte"},"content":{"rendered":"<p><strong><span style=\"color: #000000;\">Trabajos se desarrollaron en 1.25 km de transitada v\u00eda, ubicada entre tr\u00e9bol de Caquet\u00e1 y plaza Bolognesi<\/span><\/strong><\/p>\n<p><span style=\"color: #000000;\"><strong>Lima, 17 de Febrero 2022, (ANDINA).-<\/strong> La Municipalidad de Lima concluy\u00f3 el pintado de la se\u00f1alizaci\u00f3n horizontal de la Av. Alfonso Ugarte, ubicada entre el tr\u00e9bol de Caquet\u00e1 y la plaza Bolognesi, en el distrito de Cercado.<\/span><\/p>\n<p><span style=\"color: #000000;\">En esta importante arteria de 1.25 km se sit\u00faa un tramo del sistema del Metropolitano, el hospital Arzobispo Loayza, el colegio Nuestra Se\u00f1ora de Guadalupe, el Hospital Nacional Docente Madre Ni\u00f1o San Bartolom\u00e9, entre otros importantes espacios.<\/span><\/p>\n<p><span style=\"color: #000000;\">En sus seis carriles intervenidos (tres por sentido) se efectu\u00f3 el pintado de sardineles, l\u00edneas continuas, guionadas y textos, as\u00ed como cruceros peatonales en 4,500 m2, lo cual brinda mayor visibilidad y seguridad a conductores y transe\u00fantes.<\/span><\/p>\n<p><span style=\"color: #000000;\">Las acciones, que demandaron un monto de inversi\u00f3n superior a los S\/45 mil, se desarrollaron entre las 11 p.m. y 5 a.m., a fin de no interrumpir la fluidez de veh\u00edculos y personas en horas de gran circulaci\u00f3n.<\/span><\/p>\n<p><span style=\"color: #000000;\">En las actividades participaron ingenieros, t\u00e9cnicos y operarios, quienes contaron con equipos de protecci\u00f3n personal, al igual que m\u00e1quinas y herramientas especializadas para este tipo de labores.<\/span><\/p>\n<p><span style=\"color: #000000;\">De esta manera, la av. Alfonso Ugarte cuenta hoy con una renovada se\u00f1alizaci\u00f3n horizontal, que beneficia a miles de conductores y transe\u00fantes que circulan a diario por esta ruta.<\/span><\/p>\n<p><span style=\"color: #000000;\">Dichas acciones forman parte del plan integral de mantenimiento vial 2022 que la Municipalidad de Lima, liderada por el alcalde Jorge Mu\u00f1oz, lleva adelante a fin de optimizar la funcionalidad y seguridad de importantes arterias de la capital.<\/span><\/p>\n","protected":false},"excerpt":{"rendered":"<p>Trabajos se desarrollaron en 1.25 km de transitada v\u00eda, ubicada entre tr\u00e9bol de Caquet\u00e1 y plaza Bolognesi Lima, 17 de Febrero 2022, (ANDINA).- La Municipalidad de Lima concluy\u00f3 el pintado de la se\u00f1alizaci\u00f3n horizontal de la Av. Alfonso Ugarte, ubicada entre el tr\u00e9bol de Caquet\u00e1 y la plaza Bolognesi, en el distrito de Cercado. En [&hellip;]<\/p>\n","protected":false},"author":1,"featured_media":112225,"comment_status":"closed","ping_status":"closed","sticky":false,"template":"","format":"standard","meta":{"rop_custom_images_group":[],"rop_custom_messages_group":[],"rop_publish_now":"initial","rop_publish_now_accounts":[],"rop_publish_now_history":[],"rop_publish_now_status":"pending","footnotes":""},"categories":[10],"tags":[122],"class_list":["post-112224","post","type-post","status-publish","format-standard","has-post-thumbnail","hentry","category-actualidad-municipal","tag-municipalidad-de-lima"],"_links":{"self":[{"href":"https:\/\/elinformanteperu.com\/index.php\/wp-json\/wp\/v2\/posts\/112224","targetHints":{"allow":["GET"]}}],"collection":[{"href":"https:\/\/elinformanteperu.com\/index.php\/wp-json\/wp\/v2\/posts"}],"about":[{"href":"https:\/\/elinformanteperu.com\/index.php\/wp-json\/wp\/v2\/types\/post"}],"author":[{"embeddable":true,"href":"https:\/\/elinformanteperu.com\/index.php\/wp-json\/wp\/v2\/users\/1"}],"replies":[{"embeddable":true,"href":"https:\/\/elinformanteperu.com\/index.php\/wp-json\/wp\/v2\/comments?post=112224"}],"version-history":[{"count":2,"href":"https:\/\/elinformanteperu.com\/index.php\/wp-json\/wp\/v2\/posts\/112224\/revisions"}],"predecessor-version":[{"id":112227,"href":"https:\/\/elinformanteperu.com\/index.php\/wp-json\/wp\/v2\/posts\/112224\/revisions\/112227"}],"wp:featuredmedia":[{"embeddable":true,"href":"https:\/\/elinformanteperu.com\/index.php\/wp-json\/wp\/v2\/media\/112225"}],"wp:attachment":[{"href":"https:\/\/elinformanteperu.com\/index.php\/wp-json\/wp\/v2\/media?parent=112224"}],"wp:term":[{"taxonomy":"category","embeddable":true,"href":"https:\/\/elinformanteperu.com\/index.php\/wp-json\/wp\/v2\/categories?post=112224"},{"taxonomy":"post_tag","embeddable":true,"href":"https:\/\/elinformanteperu.com\/index.php\/wp-json\/wp\/v2\/tags?post=112224"}],"curies":[{"name":"wp","href":"https:\/\/api.w.org\/{rel}","templated":true}]}}